{"id":13153,"date":"2023-05-31T09:44:24","date_gmt":"2023-05-31T09:44:24","guid":{"rendered":"https:\/\/dekkbi.com\/?p=13153"},"modified":"2023-05-31T09:44:25","modified_gmt":"2023-05-31T09:44:25","slug":"concentre-sur-la-finale-jose-mourinho-reste-evasif-a-propos-de-son-avenir","status":"publish","type":"post","link":"https:\/\/dekkbi.com\/?p=13153","title":{"rendered":"\u201cConcentr\u00e9 sur la finale\u201d, Jos\u00e9 Mourinho reste \u00e9vasif \u00e0 propos de son avenir"},"content":{"rendered":"\n<p>Jos\u00e9 Mourinho pourrait disputer son avant-dernier match \u00e0 la t\u00eate de l\u2019AS Rome, \u00e0 l\u2019occasion de la finale de l\u2019Europa League face \u00e0 S\u00e9ville, mercredi \u00e0 Budapest. Interrog\u00e9 sur son avenir, le technicien portugais est rest\u00e9 \u00e9vasif. \u201cJe ne pense qu\u2019\u00e0 demain\u201d, a-t-il assur\u00e9.<\/p>\n\n\n\n<p>Plusieurs sources ont annonc\u00e9 un d\u00e9part de Mourinho \u00e0 l\u2019issue de la saison. Selon certains m\u00e9dias, le PSG lui ferait les yeux doux. \u201cJe n\u2019ai aucun contact\u201d avec d\u2019autres clubs, a-t-il n\u00e9anmoins r\u00e9agi en conf\u00e9rence de presse. \u201cJ\u2019ai parl\u00e9 avec les deux capitaines de mon \u00e9quipe, car ils m\u2019ont pos\u00e9 la question. Je leur ai donn\u00e9 une r\u00e9ponse objective. Mais c\u2019est quelque chose qui reste entre moi et l\u2019\u00e9quipe. Ils savent ce que je vais faire. Je ne pense qu\u2019\u00e0 demain et \u00e0 ce que nous voulons faire\u201d. Le contrat du \u2018Special One\u2019 aupr\u00e8s de la Louve court jusqu\u2019en juin 2024.<\/p>\n\n\n\n<p>Concentr\u00e9, Jos\u00e9 Mourinho a d\u00e9clar\u00e9 que son club m\u00e9ritait de disputer la finale. \u201cNous travaillons pour essayer de remporter le titre\u201d, a-t-il assur\u00e9. Mais S\u00e9ville est un habitu\u00e9 du rendez-vous en finale de C3: le club a remport\u00e9 les six finales qu\u2019il a jou\u00e9es, la premi\u00e8re remontant \u00e0 2006. \u201cIls ont l\u2019exp\u00e9rience que nous n\u2019avons pas\u201d, a reconnu Mourinho. \u201cPour eux, jouer une finale d\u2019Europa League est d\u00e9sormais un \u00e9v\u00e9nement habituel. Pour nous, ce sera une finale historique et inoubliable. On a envie de jouer, l\u2019heure approche.\u201d<\/p>\n\n\n\n<p>Le Portugais n\u2019est pas en reste, par rapport au palmar\u00e8s s\u00e9villan en Coupe d\u2019Europe. Jos\u00e9 Mourinho a remport\u00e9 deux fois la Ligue des Champions, deux fois l\u2019Europa League et une Conf\u00e9rence League l\u2019ann\u00e9e pass\u00e9e avec la Roma, le premier sacre continental du club. Il n\u2019a encore jamais perdu la moindre finale europ\u00e9enne qu\u2019il a disput\u00e9e. Paulo Dybala n\u2019est pas en forme optimale, d\u2019apr\u00e8s son entra\u00eeneur qui estime que \u2018La Joya\u2019 pourra jouer \u201centre 20 et 30 minutes.\u201d<\/p>\n","protected":false},"excerpt":{"rendered":"<p>Jos\u00e9 Mourinho pourrait disputer son avant-dernier match \u00e0 la t\u00eate de l\u2019AS Rome, \u00e0 l\u2019occasion de la finale de l\u2019Europa<\/p>\n","protected":false},"author":1,"featured_media":13154,"comment_status":"open","ping_status":"open","sticky":false,"template":"","format":"standard","meta":{"footnotes":""},"categories":[9],"tags":[],"class_list":["post-13153","post","type-post","status-publish","format-standard","has-post-thumbnail","hentry","category-sports"],"_links":{"self":[{"href":"https:\/\/dekkbi.com\/index.php?rest_route=\/wp\/v2\/posts\/13153","targetHints":{"allow":["GET"]}}],"collection":[{"href":"https:\/\/dekkbi.com\/index.php?rest_route=\/wp\/v2\/posts"}],"about":[{"href":"https:\/\/dekkbi.com\/index.php?rest_route=\/wp\/v2\/types\/post"}],"author":[{"embeddable":true,"href":"https:\/\/dekkbi.com\/index.php?rest_route=\/wp\/v2\/users\/1"}],"replies":[{"embeddable":true,"href":"https:\/\/dekkbi.com\/index.php?rest_route=%2Fwp%2Fv2%2Fcomments&post=13153"}],"version-history":[{"count":1,"href":"https:\/\/dekkbi.com\/index.php?rest_route=\/wp\/v2\/posts\/13153\/revisions"}],"predecessor-version":[{"id":13155,"href":"https:\/\/dekkbi.com\/index.php?rest_route=\/wp\/v2\/posts\/13153\/revisions\/13155"}],"wp:featuredmedia":[{"embeddable":true,"href":"https:\/\/dekkbi.com\/index.php?rest_route=\/wp\/v2\/media\/13154"}],"wp:attachment":[{"href":"https:\/\/dekkbi.com\/index.php?rest_route=%2Fwp%2Fv2%2Fmedia&parent=13153"}],"wp:term":[{"taxonomy":"category","embeddable":true,"href":"https:\/\/dekkbi.com\/index.php?rest_route=%2Fwp%2Fv2%2Fcategories&post=13153"},{"taxonomy":"post_tag","embeddable":true,"href":"https:\/\/dekkbi.com\/index.php?rest_route=%2Fwp%2Fv2%2Ftags&post=13153"}],"curies":[{"name":"wp","href":"https:\/\/api.w.org\/{rel}","templated":true}]}}