{"id":13147,"date":"2023-05-31T09:40:35","date_gmt":"2023-05-31T09:40:35","guid":{"rendered":"https:\/\/dekkbi.com\/?p=13147"},"modified":"2023-05-31T09:40:36","modified_gmt":"2023-05-31T09:40:36","slug":"passy-sur-les-pas-du-tirailleur-yoro-diao-de-retour-aupres-des-siens","status":"publish","type":"post","link":"https:\/\/dekkbi.com\/?p=13147","title":{"rendered":"Passy : Sur les pas du tirailleur Yoro Diao de retour aupr\u00e8s des siens"},"content":{"rendered":"\n<p><strong>\u00c9l\u00e9gamment v\u00eatu d&rsquo;un caftan blanc immacul\u00e9, un bonnet carr\u00e9 assorti sur la t\u00eate, le tirailleur Yoro Diao, 95 ans, pose tout sourire pr\u00e8s de son arri\u00e8re-petit-fils dont il vient d&rsquo;officier le bapt\u00eame musulman dans la petite ville s\u00e9n\u00e9galaise de Passy.<\/strong><\/p>\n\n\n\n<p>\u00ab\u00a0C&rsquo;est une joie immense. J\u2019aurais jamais pens\u00e9 \u00eatre pr\u00e9sent ici, \u00e0 cet \u00e2ge-l\u00e0, pr\u00e8s de tous mes petits-enfants\u00a0\u00bb, jubile-t-il, les yeux p\u00e9tillants.<\/p>\n\n\n\n<p>Est-ce son optimisme qui lui donne cette \u00e9nergie ? Presqu&rsquo;un si\u00e8cle de vie, et le voici qui gambade, d&rsquo;une pi\u00e8ce \u00e0 l&rsquo;autre, volubile et radieux, intarissable.<\/p>\n\n\n\n<p>Ancien soldat de l&rsquo;arm\u00e9e fran\u00e7aise en Indochine et en Alg\u00e9rie, il est rentr\u00e9 d\u00e9finitivement au S\u00e9n\u00e9gal le 28 avril, gr\u00e2ce \u00e0 une mesure d\u00e9rogatoire de Paris qui lui permet, avec quelques-uns de ses pairs, de vivre en permanence dans son pays d&rsquo;origine, sans perdre son allocation minimum vieillesse de 950 euros par mois.<\/p>\n\n\n\n<p>\u00ab\u00a0Merci \u00e0 la France du fond du c\u0153ur\u00a0\u00bb, dit-il, pas rancunier contre l&rsquo;ancienne puissance coloniale pour qui il a pris tous les risques et qui, volontiers accus\u00e9e de manquer de reconnaissance envers ces soldats africains, lui a donn\u00e9 la possibilit\u00e9 du retour au soir de sa vie.<\/p>\n\n\n\n<p>\u00ab\u00a0Quand vous rentrez chez vous, que vous avez vos enfants, vos petits enfants, que veut le peuple ?\u00a0\u00bb, rayonne-t-il, entour\u00e9 de sa descendance nombreuse, qui le traite comme un mod\u00e8le, et dont il assure en partie la subsistance.<\/p>\n\n\n\n<p>Sa famille est r\u00e9unie ce jour-l\u00e0 pour c\u00e9l\u00e9brer la naissance de Mohamed, n\u00e9 deux jours apr\u00e8s le retour de Yoro Diao. Dans la cour principale, les femmes, envelopp\u00e9es de tuniques en wax aux couleurs vives, coupent les l\u00e9gumes et pr\u00e9parent le riz, prot\u00e9g\u00e9es du soleil par une b\u00e2che.<br><strong>\u00ab\u00a0Un exemple\u00a0\u00bb<\/strong><\/p>\n\n\n\n<p>Le mouton, immol\u00e9 pour l&rsquo;occasion, mijote dans de grandes marmites chauff\u00e9es au bois.<\/p>\n\n\n\n<p>La vie se concentre dans l&rsquo;enceinte du domicile. A l&rsquo;ext\u00e9rieur, tout est d\u00e9sert. La temp\u00e9rature avoisine 40 degr\u00e9s. De temps \u00e0 autre, une charrette passe dans la rue attenante \u00e0 la maison, que le maire a d\u00e9cid\u00e9 de nommer au nom de Yoro Diao.<\/p>\n\n\n\n<p>\u00ab\u00a0Cet ancien tirailleur est un exemple pour nous. Nous sommes tr\u00e8s contents de son retour\u00a0\u00bb, confie Khalifa Ababacar Samb, 30 ans, venu faire une course chez le boutiquier d&rsquo;en face.<\/p>\n\n\n\n<p>Passy est une petite ville du Sine Saloum, non loin de la fronti\u00e8re gambienne, qui vit principalement de l&rsquo;agriculture et de l&rsquo;\u00e9levage. C&rsquo;est l\u00e0 que M. Diao a d\u00e9cid\u00e9 d&rsquo;\u00e9lire domicile, loin de son foyer de Bondy, en R\u00e9gion parisienne, o\u00f9 il vivait dans un studio de 15 m\u00e8tres carr\u00e9s.<\/p>\n\n\n\n<p>Depuis qu&rsquo;il est rentr\u00e9, entre les c\u00e9l\u00e9brations et hommages, M. Diao dit se reposer, se promener, faire \u00ab\u00a0des bains de l\u00e9zard\u00a0\u00bb au soleil. Parfois, il va jusqu&rsquo;\u00e0 ses champs de riz et de ma\u00efs.<\/p>\n\n\n\n<p>Assis sur une chaise, il raconte longuement son parcours, sa fiert\u00e9 d&rsquo;avoir rejoint l&rsquo;un des meilleurs r\u00e9giments des tirailleurs s\u00e9n\u00e9galais, ses souvenirs en tant que soignant en Indochine et en Alg\u00e9rie dans les ann\u00e9es 1950, l&rsquo;esprit de camaraderie qui y r\u00e9gnait entre Fran\u00e7ais et Africains.<\/p>\n\n\n\n<p>S&rsquo;il a un profond respect pour la France, son arm\u00e9e et ses valeurs, il regrette les \u00e9preuves que lui et les autres tirailleurs ont affront\u00e9es pour obtenir les m\u00eames droits que leurs homologues fran\u00e7ais.<br><strong>Reconnaissance tardive<\/strong><\/p>\n\n\n\n<p>\u00ab\u00a0Pour toucher nos droits, on nous demandait des certificats qu&rsquo;il \u00e9tait impossible \u00e0 avoir. Et les Fran\u00e7ais le savaient bien\u00a0\u00bb, dit-il.<\/p>\n\n\n\n<p>La France n&rsquo;a lev\u00e9 qu&rsquo;en 2006 les mesures de gel qui bloquaient les pensions des anciens combattants coloniaux, contrairement \u00e0 celles des anciens combattants fran\u00e7ais qui \u00e9taient revaloris\u00e9es. Ils ont re\u00e7u la nationalit\u00e9 fran\u00e7aise en 2017.<\/p>\n\n\n\n<p>D\u00e9but 2023, apr\u00e8s la sortie du film Tirailleurs, le gouvernement fran\u00e7ais a annonc\u00e9 la mesure qui leur permet de toucher leur allocation en vivant dans leur pays d&rsquo;origine.<\/p>\n\n\n\n<p>Apr\u00e8s le retour de neuf d&rsquo;entre eux fin avril, il reste encore en France 28 tirailleurs &#8211; tous d&rsquo;origine s\u00e9n\u00e9galaise -, dont plusieurs sont susceptibles de bient\u00f4t rentrer d\u00e9finitivement.<\/p>\n\n\n\n<p>Ces victoires vers l&rsquo;\u00e9galit\u00e9, les anciens combattants africains les doivent en grande partie \u00e0 A\u00efssata Seck, 43 ans, petite-fille d&rsquo;un tirailleur et pr\u00e9sidente de l&rsquo;Association pour la m\u00e9moire et l&rsquo;histoire des tirailleurs s\u00e9n\u00e9galais, \u00ab\u00a0choqu\u00e9e\u00a0\u00bb par leurs conditions de vie et les exp\u00e9riences souvent \u00ab\u00a0humiliantes\u00a0\u00bb dans leurs d\u00e9marches.<\/p>\n\n\n\n<p>\u00ab\u00a0Mieux vaut tard que jamais\u00a0\u00bb, d\u00e9clare Samba Diao, fils ain\u00e9 de Yoro, qui se dit \u00ab\u00a0\u00e9merveill\u00e9\u00a0\u00bb de voir revenir son p\u00e8re et r\u00eave que les familles des tirailleurs obtiennent aussi la nationalit\u00e9 fran\u00e7aise.<\/p>\n\n\n\n<p>Assis au milieu des siens, Yoro Diao savoure l&rsquo;instant. Les griots &#8211; caste de musiciens et po\u00e8tes ambulants en Afrique de l&rsquo;Ouest &#8211; tournent autour de lui et chantent ses louanges. Le festin peut commencer.<\/p>\n\n\n\n<p>Source &#8211; seneweb<\/p>\n","protected":false},"excerpt":{"rendered":"<p>\u00c9l\u00e9gamment v\u00eatu d&rsquo;un caftan blanc immacul\u00e9, un bonnet carr\u00e9 assorti sur la t\u00eate, le tirailleur Yoro Diao, 95 ans, pose<\/p>\n","protected":false},"author":1,"featured_media":13150,"comment_status":"open","ping_status":"open","sticky":false,"template":"","format":"standard","meta":{"footnotes":""},"categories":[21],"tags":[],"class_list":["post-13147","post","type-post","status-publish","format-standard","has-post-thumbnail","hentry","category-societe"],"_links":{"self":[{"href":"https:\/\/dekkbi.com\/index.php?rest_route=\/wp\/v2\/posts\/13147","targetHints":{"allow":["GET"]}}],"collection":[{"href":"https:\/\/dekkbi.com\/index.php?rest_route=\/wp\/v2\/posts"}],"about":[{"href":"https:\/\/dekkbi.com\/index.php?rest_route=\/wp\/v2\/types\/post"}],"author":[{"embeddable":true,"href":"https:\/\/dekkbi.com\/index.php?rest_route=\/wp\/v2\/users\/1"}],"replies":[{"embeddable":true,"href":"https:\/\/dekkbi.com\/index.php?rest_route=%2Fwp%2Fv2%2Fcomments&post=13147"}],"version-history":[{"count":1,"href":"https:\/\/dekkbi.com\/index.php?rest_route=\/wp\/v2\/posts\/13147\/revisions"}],"predecessor-version":[{"id":13151,"href":"https:\/\/dekkbi.com\/index.php?rest_route=\/wp\/v2\/posts\/13147\/revisions\/13151"}],"wp:featuredmedia":[{"embeddable":true,"href":"https:\/\/dekkbi.com\/index.php?rest_route=\/wp\/v2\/media\/13150"}],"wp:attachment":[{"href":"https:\/\/dekkbi.com\/index.php?rest_route=%2Fwp%2Fv2%2Fmedia&parent=13147"}],"wp:term":[{"taxonomy":"category","embeddable":true,"href":"https:\/\/dekkbi.com\/index.php?rest_route=%2Fwp%2Fv2%2Fcategories&post=13147"},{"taxonomy":"post_tag","embeddable":true,"href":"https:\/\/dekkbi.com\/index.php?rest_route=%2Fwp%2Fv2%2Ftags&post=13147"}],"curies":[{"name":"wp","href":"https:\/\/api.w.org\/{rel}","templated":true}]}}