{"id":13122,"date":"2023-05-31T09:16:27","date_gmt":"2023-05-31T09:16:27","guid":{"rendered":"https:\/\/dekkbi.com\/?p=13122"},"modified":"2023-05-31T09:16:28","modified_gmt":"2023-05-31T09:16:28","slug":"washington-exclut-le-kosovo-dexercices-militaires-de-lotan-apres-le-regain-de-tensions","status":"publish","type":"post","link":"https:\/\/dekkbi.com\/?p=13122","title":{"rendered":"Washington exclut le Kosovo d\u2019exercices militaires de l\u2019Otan apr\u00e8s le regain de tensions"},"content":{"rendered":"\n<p><strong>Le torchon br\u00fble entre les \u00c9tats-Unis et le gouvernement du Kosovo apr\u00e8s les violences du 29 mai dans le Nord, qui ont caus\u00e9 plus de 80 bless\u00e9s, dont une trentaine de soldats de l&rsquo;Otan et une cinquantaine de manifestants serbes. Les protestataires s&rsquo;opposaient \u00e0 ce que des maires albanais \u00e9lus lors d&rsquo;\u00e9lections controvers\u00e9es prennent leurs fonctions dans les communes \u00e0 majorit\u00e9 serbe. Mais l&rsquo;ambassadeur am\u00e9ricain au Kosovo met en cause nomm\u00e9ment le Premier ministre Albin Kurti.<\/strong><\/p>\n\n\n\n<p><em>Avec notre correspondant dans la r\u00e9gion,<\/em>\u00a0<strong>Laurent Rouy<\/strong> &#8211; RFI<\/p>\n\n\n\n<p>Les mots de l&rsquo;ambassadeur am\u00e9ricain Jeffrey Hovenier sont tellement forts que la presse kosovare parle de sanctions. Fort peu diplomate, l&rsquo;ambassadeur\u00a0<strong>rejette la responsabilit\u00e9 des violences<\/strong>\u00a0sur le Premier ministre kosovar Albin Kurti, accus\u00e9 d&rsquo;avoir cherch\u00e9 \u00e0 cr\u00e9er une diversion plut\u00f4t que de respecter les accords sign\u00e9s.<\/p>\n\n\n\n<p>L&rsquo;ambassadeur a annonc\u00e9 mardi 30 mai\u00a0<strong>l&rsquo;annulation de la participation du Kosovo<\/strong>\u00a0\u00e0 un exercice de l&rsquo;Otan rassemblant plus de 20 pays et qui a commenc\u00e9 en avril, se prolongeant jusqu\u2019\u00e0 fin juin. Il ajoute que le pays pourrait perdre le soutien des \u00c9tats-Unis sur la sc\u00e8ne internationale.<\/p>\n\n\n\n<p>Le Premier ministre kosovar a au contraire d\u00e9fendu son action sur une t\u00e9l\u00e9vision am\u00e9ricaine\u00a0: pour Albin Kurti,\u00a0<strong>les maires \u00e9lus<\/strong>\u00a0doivent si\u00e9ger dans leurs mairies, le Kosovo est l&rsquo;\u00c9tat le plus d\u00e9mocratique des Balkans et les violences \u00e9taient le fait de \u00ab\u00a0<em>milices fascistes<\/em>\u00a0\u00bb envoy\u00e9es par Belgrade.<\/p>\n\n\n\n<p>Albin Kurti avait d\u00e9j\u00e0 \u00e9t\u00e9 critiqu\u00e9 pour son intransigeance lors de la difficile reprise des n\u00e9gociations avec la Serbie, il semble aujourd&rsquo;hui pr\u00eat \u00e0 s&rsquo;affranchir des soutiens diplomatiques qui avaient port\u00e9 le Kosovo \u00e0 bout de bras sur la sc\u00e8ne internationale.<\/p>\n","protected":false},"excerpt":{"rendered":"<p>Le torchon br\u00fble entre les \u00c9tats-Unis et le gouvernement du Kosovo apr\u00e8s les violences du 29 mai dans le Nord,<\/p>\n","protected":false},"author":1,"featured_media":13124,"comment_status":"open","ping_status":"open","sticky":false,"template":"","format":"standard","meta":{"footnotes":""},"categories":[51],"tags":[],"class_list":["post-13122","post","type-post","status-publish","format-standard","has-post-thumbnail","hentry","category-general"],"_links":{"self":[{"href":"https:\/\/dekkbi.com\/index.php?rest_route=\/wp\/v2\/posts\/13122","targetHints":{"allow":["GET"]}}],"collection":[{"href":"https:\/\/dekkbi.com\/index.php?rest_route=\/wp\/v2\/posts"}],"about":[{"href":"https:\/\/dekkbi.com\/index.php?rest_route=\/wp\/v2\/types\/post"}],"author":[{"embeddable":true,"href":"https:\/\/dekkbi.com\/index.php?rest_route=\/wp\/v2\/users\/1"}],"replies":[{"embeddable":true,"href":"https:\/\/dekkbi.com\/index.php?rest_route=%2Fwp%2Fv2%2Fcomments&post=13122"}],"version-history":[{"count":1,"href":"https:\/\/dekkbi.com\/index.php?rest_route=\/wp\/v2\/posts\/13122\/revisions"}],"predecessor-version":[{"id":13125,"href":"https:\/\/dekkbi.com\/index.php?rest_route=\/wp\/v2\/posts\/13122\/revisions\/13125"}],"wp:featuredmedia":[{"embeddable":true,"href":"https:\/\/dekkbi.com\/index.php?rest_route=\/wp\/v2\/media\/13124"}],"wp:attachment":[{"href":"https:\/\/dekkbi.com\/index.php?rest_route=%2Fwp%2Fv2%2Fmedia&parent=13122"}],"wp:term":[{"taxonomy":"category","embeddable":true,"href":"https:\/\/dekkbi.com\/index.php?rest_route=%2Fwp%2Fv2%2Fcategories&post=13122"},{"taxonomy":"post_tag","embeddable":true,"href":"https:\/\/dekkbi.com\/index.php?rest_route=%2Fwp%2Fv2%2Ftags&post=13122"}],"curies":[{"name":"wp","href":"https:\/\/api.w.org\/{rel}","templated":true}]}}