{"id":13097,"date":"2023-05-31T08:40:58","date_gmt":"2023-05-31T08:40:58","guid":{"rendered":"https:\/\/dekkbi.com\/?p=13097"},"modified":"2023-05-31T08:40:59","modified_gmt":"2023-05-31T08:40:59","slug":"un-acte-ignoble-contre-la-resilience-de-la-communaute-la-maison-du-directeur-general-maison-de-la-presse-attaquee-a-meouane","status":"publish","type":"post","link":"https:\/\/dekkbi.com\/?p=13097","title":{"rendered":"Un acte ignoble contre la r\u00e9silience de la communaut\u00e9 : la maison du Directeur g\u00e9n\u00e9ral Maison de la presse attaqu\u00e9e \u00e0 M\u00e9ouane"},"content":{"rendered":"\n<h3 class=\"wp-block-heading\"><strong>Chers compatriotes,<br><br>C&rsquo;est avec une profonde tristesse et une d\u00e9termination in\u00e9branlable que je m&rsquo;adresse \u00e0 vous aujourd&rsquo;hui. Mon domicile \u00e0 M\u00e9ouane a r\u00e9cemment \u00e9t\u00e9 la cible d&rsquo;une attaque brutale au cocktail Molotov. Je suis toutefois soulag\u00e9 de vous informer que gr\u00e2ce au soutien et \u00e0 l&rsquo;assistance pr\u00e9cieuse de mes voisins, ainsi que de ma famille, le feu a \u00e9t\u00e9 rapidement ma\u00eetris\u00e9, limitant ainsi les d\u00e9g\u00e2ts mat\u00e9riels. Je tiens \u00e0 exprimer ma sinc\u00e8re gratitude envers tous ceux qui se sont joints \u00e0 nous dans cette \u00e9preuve.<\/strong><\/h3>\n\n\n\n<p>Dans les moments qui ont suivi cette attaque, j&rsquo;ai imm\u00e9diatement pris contact avec le commandant de la brigade territoriale de M\u00e9kh\u00e9, qui a r\u00e9agi promptement et avec d\u00e9termination. Je salue son engagement \u00e0 faire respecter l&rsquo;\u00c9tat de droit et \u00e0 poursuivre les responsables de cet acte odieux.<\/p>\n\n\n\n<p>Permettez-moi de condamner avec la plus grande vigueur cette attaque ignoble perp\u00e9tr\u00e9e par des individus dont l&rsquo;unique objectif semble \u00eatre de semer le chaos et la peur au sein de notre communaut\u00e9. Ces actes de violence ne r\u00e9ussiront jamais \u00e0 \u00e9branler notre d\u00e9termination \u00e0 d\u00e9fendre nos valeurs et \u00e0 pr\u00e9server l&rsquo;int\u00e9grit\u00e9 de notre \u00c9tat de droit. Au contraire, ils renforceront notre r\u00e9silience et notre unit\u00e9 face \u00e0 l&rsquo;adversit\u00e9.<\/p>\n\n\n\n<p>En tant que Directeur g\u00e9n\u00e9ral de la Maison de la presse et ancien maire de M\u00e9ouane, je souhaite vous assurer que je resterai debout, aux c\u00f4t\u00e9s de notre communaut\u00e9, pour faire face \u00e0 ces d\u00e9fis. Je continuerai \u00e0 d\u00e9fendre la libert\u00e9 d&rsquo;expression, la justice et la paix, sans jamais c\u00e9der \u00e0 la peur ou \u00e0 l&rsquo;intimidation.<\/p>\n\n\n\n<p>Dans ces moments difficiles, j&rsquo;en appelle \u00e0 la solidarit\u00e9 de tous les compatriotes, afin que nous puissions d\u00e9noncer fermement ces actes de violence et soutenir ceux qui sont directement touch\u00e9s. Ensemble, nous pouvons construire un avenir meilleur, bas\u00e9 sur la tol\u00e9rance, le respect mutuel et la coexistence pacifique.<\/p>\n\n\n\n<p>Je vous remercie de votre soutien ind\u00e9fectible et je reste confiant en notre capacit\u00e9 collective \u00e0 surmonter ces \u00e9preuves.<\/p>\n\n\n\n<p>Solidairement,<\/p>\n\n\n\n<p>Bara Ndiaye<br>Directeur g\u00e9n\u00e9ral Maison de la presse et ancien maire de M\u00e9ouane<\/p>\n\n\n\n<p>Source &#8211; L\u00e9ral<\/p>\n","protected":false},"excerpt":{"rendered":"<p>Chers compatriotes, C&rsquo;est avec une profonde tristesse et une d\u00e9termination in\u00e9branlable que je m&rsquo;adresse \u00e0 vous aujourd&rsquo;hui. Mon domicile \u00e0<\/p>\n","protected":false},"author":1,"featured_media":13098,"comment_status":"open","ping_status":"open","sticky":false,"template":"","format":"standard","meta":{"footnotes":""},"categories":[6],"tags":[],"class_list":["post-13097","post","type-post","status-publish","format-standard","has-post-thumbnail","hentry","category-politics"],"_links":{"self":[{"href":"https:\/\/dekkbi.com\/index.php?rest_route=\/wp\/v2\/posts\/13097","targetHints":{"allow":["GET"]}}],"collection":[{"href":"https:\/\/dekkbi.com\/index.php?rest_route=\/wp\/v2\/posts"}],"about":[{"href":"https:\/\/dekkbi.com\/index.php?rest_route=\/wp\/v2\/types\/post"}],"author":[{"embeddable":true,"href":"https:\/\/dekkbi.com\/index.php?rest_route=\/wp\/v2\/users\/1"}],"replies":[{"embeddable":true,"href":"https:\/\/dekkbi.com\/index.php?rest_route=%2Fwp%2Fv2%2Fcomments&post=13097"}],"version-history":[{"count":1,"href":"https:\/\/dekkbi.com\/index.php?rest_route=\/wp\/v2\/posts\/13097\/revisions"}],"predecessor-version":[{"id":13099,"href":"https:\/\/dekkbi.com\/index.php?rest_route=\/wp\/v2\/posts\/13097\/revisions\/13099"}],"wp:featuredmedia":[{"embeddable":true,"href":"https:\/\/dekkbi.com\/index.php?rest_route=\/wp\/v2\/media\/13098"}],"wp:attachment":[{"href":"https:\/\/dekkbi.com\/index.php?rest_route=%2Fwp%2Fv2%2Fmedia&parent=13097"}],"wp:term":[{"taxonomy":"category","embeddable":true,"href":"https:\/\/dekkbi.com\/index.php?rest_route=%2Fwp%2Fv2%2Fcategories&post=13097"},{"taxonomy":"post_tag","embeddable":true,"href":"https:\/\/dekkbi.com\/index.php?rest_route=%2Fwp%2Fv2%2Ftags&post=13097"}],"curies":[{"name":"wp","href":"https:\/\/api.w.org\/{rel}","templated":true}]}}