{"id":13073,"date":"2023-05-30T10:09:47","date_gmt":"2023-05-30T10:09:47","guid":{"rendered":"https:\/\/dekkbi.com\/?p=13073"},"modified":"2023-05-30T10:09:47","modified_gmt":"2023-05-30T10:09:47","slug":"amical-le-groupe-du-bresil-face-au-senegal","status":"publish","type":"post","link":"https:\/\/dekkbi.com\/?p=13073","title":{"rendered":"Amical : le groupe du Br\u00e9sil face au S\u00e9n\u00e9gal"},"content":{"rendered":"\n<p>Le S\u00e9n\u00e9gal affrontera le Br\u00e9sil en amical, pour la deuxi\u00e8me fois, le 20 juin \u00e0 Lisbonne, au Portugal. Les deux \u00e9quipes avaient fait match nul (1-1) le 10 octobre 2019 \u00e0 Singapour. &nbsp;<\/p>\n\n\n\n<p>En vue de cette rencontre, le s\u00e9lectionneur national, Aliou Ciss\u00e9, publiera sa liste vendredi prochain. De son c\u00f4t\u00e9 son coll\u00e8gue br\u00e9silien, Ramon Menezes (int\u00e9rimaire), a d\u00e9j\u00e0 fait conna\u00eetre le sien.<\/p>\n\n\n\n<p>Dans son groupe de 23 joueurs, on note la pr\u00e9sence de toutes les stars de la Sele\u00e7a\u00f5 sauf Neymar, Thiago Sylva ou Firmino, auteur du but br\u00e9silien contre le S\u00e9n\u00e9gal en 2019. Vinicius Junior, Rodrigo, Casemiro, Marquinhos, Ederson, Alisson Becker, notamment, sont retenus.<br>Trois jours avant d\u2019affronter les champions d\u2019Afrique, le Br\u00e9sil jouera un premier match amical contre la Guin\u00e9e. La rencontre est pr\u00e9vue le 17 juin \u00e0 Barcelone, en Espagne.<\/p>\n\n\n\n<p>Source &#8211; seneweb<\/p>\n","protected":false},"excerpt":{"rendered":"<p>Le S\u00e9n\u00e9gal affrontera le Br\u00e9sil en amical, pour la deuxi\u00e8me fois, le 20 juin \u00e0 Lisbonne, au Portugal. Les deux<\/p>\n","protected":false},"author":1,"featured_media":13074,"comment_status":"open","ping_status":"open","sticky":false,"template":"","format":"standard","meta":{"footnotes":""},"categories":[9],"tags":[],"class_list":["post-13073","post","type-post","status-publish","format-standard","has-post-thumbnail","hentry","category-sports"],"_links":{"self":[{"href":"https:\/\/dekkbi.com\/index.php?rest_route=\/wp\/v2\/posts\/13073","targetHints":{"allow":["GET"]}}],"collection":[{"href":"https:\/\/dekkbi.com\/index.php?rest_route=\/wp\/v2\/posts"}],"about":[{"href":"https:\/\/dekkbi.com\/index.php?rest_route=\/wp\/v2\/types\/post"}],"author":[{"embeddable":true,"href":"https:\/\/dekkbi.com\/index.php?rest_route=\/wp\/v2\/users\/1"}],"replies":[{"embeddable":true,"href":"https:\/\/dekkbi.com\/index.php?rest_route=%2Fwp%2Fv2%2Fcomments&post=13073"}],"version-history":[{"count":1,"href":"https:\/\/dekkbi.com\/index.php?rest_route=\/wp\/v2\/posts\/13073\/revisions"}],"predecessor-version":[{"id":13075,"href":"https:\/\/dekkbi.com\/index.php?rest_route=\/wp\/v2\/posts\/13073\/revisions\/13075"}],"wp:featuredmedia":[{"embeddable":true,"href":"https:\/\/dekkbi.com\/index.php?rest_route=\/wp\/v2\/media\/13074"}],"wp:attachment":[{"href":"https:\/\/dekkbi.com\/index.php?rest_route=%2Fwp%2Fv2%2Fmedia&parent=13073"}],"wp:term":[{"taxonomy":"category","embeddable":true,"href":"https:\/\/dekkbi.com\/index.php?rest_route=%2Fwp%2Fv2%2Fcategories&post=13073"},{"taxonomy":"post_tag","embeddable":true,"href":"https:\/\/dekkbi.com\/index.php?rest_route=%2Fwp%2Fv2%2Ftags&post=13073"}],"curies":[{"name":"wp","href":"https:\/\/api.w.org\/{rel}","templated":true}]}}