{"id":13020,"date":"2023-05-29T12:10:41","date_gmt":"2023-05-29T12:10:41","guid":{"rendered":"https:\/\/dekkbi.com\/?p=13020"},"modified":"2023-05-29T12:10:41","modified_gmt":"2023-05-29T12:10:41","slug":"espagne-apres-un-revers-electoral-pedro-sanchez-convoque-des-elections-anticipees-en-juillet","status":"publish","type":"post","link":"https:\/\/dekkbi.com\/?p=13020","title":{"rendered":"Espagne: apr\u00e8s un revers \u00e9lectoral, Pedro Sanchez convoque des \u00e9lections anticip\u00e9es en juillet"},"content":{"rendered":"\n<p>Le Parlement va \u00eatre dissous et des \u00e9lections l\u00e9gislatives auront lieu le 23 juillet prochain<\/p>\n\n\n\n<p>Avec un revers \u00e9lectoral pour les socialistes dans les scrutins r\u00e9gionaux de dimanche, le pr\u00e9sident du gouvernement, Pedro Sanchez, a annonc\u00e9 lundi la dissolution du Parlement et des \u00e9lections l\u00e9gislatives anticip\u00e9es. <\/p>\n\n\n\n<p>Une d\u00e9cision radicale<\/p>\n\n\n\n<p>\u00ab J&rsquo;ai pris la d\u00e9cision \u00e0 la vue des r\u00e9sultats des \u00e9lections d&rsquo;hier (dimanche) \u00bb, a-t-il d\u00e9clar\u00e9, dans une allocution t\u00e9l\u00e9vis\u00e9e \u00e0 la nation. \u00ab M\u00eame si les \u00e9lections d&rsquo;hier ont une port\u00e9e locale et r\u00e9gionale, le sens du vote v\u00e9hicule un message qui va au-del\u00e0. C&rsquo;est la raison pour laquelle, en tant que chef du gouvernement et secr\u00e9taire g\u00e9n\u00e9ral du PSOE, j&rsquo;en assume personnellement les r\u00e9sultats \u00bb, a ajout\u00e9 Pedro Sanchez.<\/p>\n","protected":false},"excerpt":{"rendered":"<p>Le Parlement va \u00eatre dissous et des \u00e9lections l\u00e9gislatives auront lieu le 23 juillet prochain Avec un revers \u00e9lectoral pour<\/p>\n","protected":false},"author":1,"featured_media":13021,"comment_status":"open","ping_status":"open","sticky":false,"template":"","format":"standard","meta":{"footnotes":""},"categories":[51],"tags":[],"class_list":["post-13020","post","type-post","status-publish","format-standard","has-post-thumbnail","hentry","category-general"],"_links":{"self":[{"href":"https:\/\/dekkbi.com\/index.php?rest_route=\/wp\/v2\/posts\/13020","targetHints":{"allow":["GET"]}}],"collection":[{"href":"https:\/\/dekkbi.com\/index.php?rest_route=\/wp\/v2\/posts"}],"about":[{"href":"https:\/\/dekkbi.com\/index.php?rest_route=\/wp\/v2\/types\/post"}],"author":[{"embeddable":true,"href":"https:\/\/dekkbi.com\/index.php?rest_route=\/wp\/v2\/users\/1"}],"replies":[{"embeddable":true,"href":"https:\/\/dekkbi.com\/index.php?rest_route=%2Fwp%2Fv2%2Fcomments&post=13020"}],"version-history":[{"count":1,"href":"https:\/\/dekkbi.com\/index.php?rest_route=\/wp\/v2\/posts\/13020\/revisions"}],"predecessor-version":[{"id":13022,"href":"https:\/\/dekkbi.com\/index.php?rest_route=\/wp\/v2\/posts\/13020\/revisions\/13022"}],"wp:featuredmedia":[{"embeddable":true,"href":"https:\/\/dekkbi.com\/index.php?rest_route=\/wp\/v2\/media\/13021"}],"wp:attachment":[{"href":"https:\/\/dekkbi.com\/index.php?rest_route=%2Fwp%2Fv2%2Fmedia&parent=13020"}],"wp:term":[{"taxonomy":"category","embeddable":true,"href":"https:\/\/dekkbi.com\/index.php?rest_route=%2Fwp%2Fv2%2Fcategories&post=13020"},{"taxonomy":"post_tag","embeddable":true,"href":"https:\/\/dekkbi.com\/index.php?rest_route=%2Fwp%2Fv2%2Ftags&post=13020"}],"curies":[{"name":"wp","href":"https:\/\/api.w.org\/{rel}","templated":true}]}}