{"id":12922,"date":"2023-05-28T14:38:35","date_gmt":"2023-05-28T14:38:35","guid":{"rendered":"https:\/\/dekkbi.com\/?p=12922"},"modified":"2023-05-28T14:38:36","modified_gmt":"2023-05-28T14:38:36","slug":"thies-amadou-ba-premier-ministre-ministre-de-lelevage-a-la-reception-de-taurillons-guzera","status":"publish","type":"post","link":"https:\/\/dekkbi.com\/?p=12922","title":{"rendered":"Thi\u00e8s: Amadou Ba, Premier Ministre, Ministre de l\u2019Elevage \u00e0 la r\u00e9ception de Taurillons \u00ab Guzera \u00bb"},"content":{"rendered":"\n<p>Le Premier Ministre, Ministre de l\u2019Elevage, Amadou Ba a pr\u00e9sid\u00e9 ce samedi 27 mai 2023, \u00e0 Thi\u00e8s, la c\u00e9r\u00e9monie de r\u00e9ception des taurillons guzera, import\u00e9s du Br\u00e9sil dans le cadre du partenariat entre le minist\u00e8re de l\u2019Elevage et des Productions et du Groupe pour l\u2019am\u00e9lioration g\u00e9n\u00e9tique de l\u2019\u00e9levage pastoral et extensif au S\u00e9n\u00e9gal (GEPES). Cette importante initiative permettra de consolider les rendements dans le secteur dans lequel s\u2019activent pas moins de 550 000 m\u00e9nages s\u00e9n\u00e9galais.<\/p>\n\n\n\n<p>R\u00e9publique a pris la d\u00e9cision, lors de la c\u00e9l\u00e9bration de la 7\u00e8me Journ\u00e9e nationale de l\u2019Elevage, le 27 novembre 2021, \u00e0 Dahra Djoloff, de porter la subvention d\u2019acquisition de g\u00e9nisses gestantes \u00e0 haut potentiel laitier \u00e0 hauteur 50 % du co\u00fbt de la g\u00e9nisse. C\u2019est ainsi qu\u2019en fin d\u2019ann\u00e9e 2022, il a \u00e9t\u00e9 proc\u00e9d\u00e9 \u00e0 l\u2019importation de 1200 g\u00e9nisses gestantes, dans le cadre d\u2019une convention entre le MEPA et l\u2019Association nationale pour l\u2019Intensification de la Production laiti\u00e8re (ANIPL).Les animaux ont \u00e9t\u00e9 r\u00e9ceptionn\u00e9s par le Chef de l\u2019Etat le 04 f\u00e9vrier 2023 \u00e0 Niague. A l\u2019occasion, le Pr\u00e9sident de la R\u00e9publique a r\u00e9it\u00e9r\u00e9 sa d\u00e9cision de maintenir la subvention des importations d\u2019animaux \u00e0 50% tout en augmentant le nombre des g\u00e9nisses \u00e0 2500\/an et celui des \u00ab guzera \u00bb \u00e0 1000\/an, \u00e0 partir de 2023. En plus de cette op\u00e9ration de grande envergure, l\u2019ins\u00e9mination artificielle sur demande a \u00e9t\u00e9 men\u00e9e, dans le cadre des activit\u00e9s du Centre national d\u2019Am\u00e9lioration g\u00e9n\u00e9tique (CNAG) et du Projet de D\u00e9veloppement durable des Exploitations pastorales du Sahel (PDEPS), avec 1 500 vaches ins\u00e9min\u00e9es en attendant le red\u00e9marrage des campagnes de masse. En outre, 10 \u00e9tables laiti\u00e8res mod\u00e8les ont \u00e9t\u00e9 mises en place.<\/p>\n","protected":false},"excerpt":{"rendered":"<p>Le Premier Ministre, Ministre de l\u2019Elevage, Amadou Ba a pr\u00e9sid\u00e9 ce samedi 27 mai 2023, \u00e0 Thi\u00e8s, la c\u00e9r\u00e9monie de<\/p>\n","protected":false},"author":1,"featured_media":12923,"comment_status":"open","ping_status":"open","sticky":false,"template":"","format":"standard","meta":{"footnotes":""},"categories":[3],"tags":[],"class_list":["post-12922","post","type-post","status-publish","format-standard","has-post-thumbnail","hentry","category-event-more-news"],"_links":{"self":[{"href":"https:\/\/dekkbi.com\/index.php?rest_route=\/wp\/v2\/posts\/12922","targetHints":{"allow":["GET"]}}],"collection":[{"href":"https:\/\/dekkbi.com\/index.php?rest_route=\/wp\/v2\/posts"}],"about":[{"href":"https:\/\/dekkbi.com\/index.php?rest_route=\/wp\/v2\/types\/post"}],"author":[{"embeddable":true,"href":"https:\/\/dekkbi.com\/index.php?rest_route=\/wp\/v2\/users\/1"}],"replies":[{"embeddable":true,"href":"https:\/\/dekkbi.com\/index.php?rest_route=%2Fwp%2Fv2%2Fcomments&post=12922"}],"version-history":[{"count":1,"href":"https:\/\/dekkbi.com\/index.php?rest_route=\/wp\/v2\/posts\/12922\/revisions"}],"predecessor-version":[{"id":12924,"href":"https:\/\/dekkbi.com\/index.php?rest_route=\/wp\/v2\/posts\/12922\/revisions\/12924"}],"wp:featuredmedia":[{"embeddable":true,"href":"https:\/\/dekkbi.com\/index.php?rest_route=\/wp\/v2\/media\/12923"}],"wp:attachment":[{"href":"https:\/\/dekkbi.com\/index.php?rest_route=%2Fwp%2Fv2%2Fmedia&parent=12922"}],"wp:term":[{"taxonomy":"category","embeddable":true,"href":"https:\/\/dekkbi.com\/index.php?rest_route=%2Fwp%2Fv2%2Fcategories&post=12922"},{"taxonomy":"post_tag","embeddable":true,"href":"https:\/\/dekkbi.com\/index.php?rest_route=%2Fwp%2Fv2%2Ftags&post=12922"}],"curies":[{"name":"wp","href":"https:\/\/api.w.org\/{rel}","templated":true}]}}