{"id":12904,"date":"2023-05-27T11:11:11","date_gmt":"2023-05-27T11:11:11","guid":{"rendered":"https:\/\/dekkbi.com\/?p=12904"},"modified":"2023-05-27T11:11:12","modified_gmt":"2023-05-27T11:11:12","slug":"tournee-economique-du-chef-de-letat-a-kedougou-dr-mohamed-diallo-sonne-la-mobilisation","status":"publish","type":"post","link":"https:\/\/dekkbi.com\/?p=12904","title":{"rendered":"Tourn\u00e9e \u00e9conomique du chef de l\u2019Etat \u00e0 K\u00e9dougou : Dr Mohamed Diallo sonne la mobilisation"},"content":{"rendered":"\n<p>Lequotidien \u2013 Journal d&rsquo;information G\u00e9n\u00e9ralePOLITIQUETourn\u00e9e \u00e9conomique du chef de l\u2019Etat \u00e0 K\u00e9dougou : Dr Mohamed Diallo sonne la mobilisationLequotidienbyLequotidien 27 mai 20234Le pr\u00e9sident de la R\u00e9publique, Macky Sall, poursuit ses tourn\u00e9es \u00e9conomiques, et K\u00e9dougou sera la prochaine \u00e9tape. Le chef de l\u2019Etat et sa d\u00e9l\u00e9gation seront les h\u00f4tes de cette ville pendant trois jours, \u00e0 savoir du 6 au 9 juin prochain. Dr Mohamed Diallo, ministre-conseiller \u00e0 la pr\u00e9sidence de la R\u00e9publique et pr\u00e9sident de la Coalition Naataangu\u00e9, de s\u2019en r\u00e9jouir \u00e0 travers un communiqu\u00e9, non sans avancer que la pr\u00e9sence du Pr\u00e9sident Macky Sall et de son gouvernement dans cette r\u00e9gion sera une occasion que compte saisir la r\u00e9gion de K\u00e9dougou pour mettre le doigt sur les difficult\u00e9s auxquelles celle-ci fait face, pour leur apporter une solution \u00e0 travers cette rencontre. \u00abLa tenue du Conseil des ministres d\u00e9centralis\u00e9, pr\u00e9vu \u00e0 K\u00e9dougou du 6 au 9 juin, constitue des temps forts de la vie nationale. Ce conseil des ministres d\u00e9centralis\u00e9 se veut une opportunit\u00e9 de passer au peigne fin les priorit\u00e9s et pr\u00e9occupations de la r\u00e9gion de K\u00e9dougou, afin d\u2019y apporter les meilleures r\u00e9ponses et satisfactions pour la population\u00bb, fait remarquer Dr Diallo \u00e0 travers un communiqu\u00e9. Ainsi, le ministre-conseiller compte sur cette rencontre, souligne-t-il, pour sonner la mobilisation et offrir au chef de l\u2019Etat un accueil chaleureux. Estimant que \u00abchaque citoyen doit se sentir concern\u00e9\u00bb, Dr Diallo de dire que \u00abc\u2019est pourquoi nous lan\u00e7ons un appel \u00e0 l\u2019ensemble des militants et sympathisants de la Coalition Naataangu\u00e9 \u00e0 se mobiliser pour accueillir chaleureusement le chef de l\u2019Etat, Macky Sall, et \u00e0 ne m\u00e9nager aucun effort pour contribuer au bon d\u00e9roulement des activit\u00e9s pr\u00e9vues dans ladite r\u00e9gion\u00bb.Apr\u00e8s Thi\u00e8s, le Pr\u00e9sident Macky Sall avait effectu\u00e9 sa derni\u00e8re tourn\u00e9e \u00e9conomique dans la r\u00e9gion de S\u00e9dhiou.Par Amadou MBODJI  \u2013 ambodji@lequotidien.sn<\/p>\n","protected":false},"excerpt":{"rendered":"<p>Lequotidien \u2013 Journal d&rsquo;information G\u00e9n\u00e9ralePOLITIQUETourn\u00e9e \u00e9conomique du chef de l\u2019Etat \u00e0 K\u00e9dougou : Dr Mohamed Diallo sonne la mobilisationLequotidienbyLequotidien 27<\/p>\n","protected":false},"author":1,"featured_media":7179,"comment_status":"open","ping_status":"open","sticky":false,"template":"","format":"standard","meta":{"footnotes":""},"categories":[6],"tags":[],"class_list":["post-12904","post","type-post","status-publish","format-standard","has-post-thumbnail","hentry","category-politics"],"_links":{"self":[{"href":"https:\/\/dekkbi.com\/index.php?rest_route=\/wp\/v2\/posts\/12904","targetHints":{"allow":["GET"]}}],"collection":[{"href":"https:\/\/dekkbi.com\/index.php?rest_route=\/wp\/v2\/posts"}],"about":[{"href":"https:\/\/dekkbi.com\/index.php?rest_route=\/wp\/v2\/types\/post"}],"author":[{"embeddable":true,"href":"https:\/\/dekkbi.com\/index.php?rest_route=\/wp\/v2\/users\/1"}],"replies":[{"embeddable":true,"href":"https:\/\/dekkbi.com\/index.php?rest_route=%2Fwp%2Fv2%2Fcomments&post=12904"}],"version-history":[{"count":1,"href":"https:\/\/dekkbi.com\/index.php?rest_route=\/wp\/v2\/posts\/12904\/revisions"}],"predecessor-version":[{"id":12905,"href":"https:\/\/dekkbi.com\/index.php?rest_route=\/wp\/v2\/posts\/12904\/revisions\/12905"}],"wp:featuredmedia":[{"embeddable":true,"href":"https:\/\/dekkbi.com\/index.php?rest_route=\/wp\/v2\/media\/7179"}],"wp:attachment":[{"href":"https:\/\/dekkbi.com\/index.php?rest_route=%2Fwp%2Fv2%2Fmedia&parent=12904"}],"wp:term":[{"taxonomy":"category","embeddable":true,"href":"https:\/\/dekkbi.com\/index.php?rest_route=%2Fwp%2Fv2%2Fcategories&post=12904"},{"taxonomy":"post_tag","embeddable":true,"href":"https:\/\/dekkbi.com\/index.php?rest_route=%2Fwp%2Fv2%2Ftags&post=12904"}],"curies":[{"name":"wp","href":"https:\/\/api.w.org\/{rel}","templated":true}]}}