{"id":12888,"date":"2023-05-27T10:32:43","date_gmt":"2023-05-27T10:32:43","guid":{"rendered":"https:\/\/dekkbi.com\/?p=12888"},"modified":"2023-05-27T10:32:44","modified_gmt":"2023-05-27T10:32:44","slug":"rencontre-avec-la-presse-internationale-sidiki-kaba-et-abdou-karim-fofana-en-mission-de-desintoxication","status":"publish","type":"post","link":"https:\/\/dekkbi.com\/?p=12888","title":{"rendered":"Rencontre avec la presse internationale: Sidiki Kaba et Abdou Karim Fofana en mission de d\u00e9sintoxication"},"content":{"rendered":"\n<p>D\u00e9sormais le gouvernement n\u2019entend pas laisser l\u2019image du S\u00e9n\u00e9gal train\u00e9e dans la boue par une opposition \u00abdevenue maitre dans l\u2019intoxication\u00bb. Pour ainsi d\u00e9sintoxiquer l\u2019opinion internationale, le Gouvernement a envoy\u00e9 au charbon son porte-parole accompagn\u00e9 de l\u2019ancien avocat international et ministre des Forces arm\u00e9es.R\u00e9agissant sur la plainte annonc\u00e9e contre le S\u00e9n\u00e9gal devant la Cour p\u00e9nale internationale (CPI) par l\u2019avocat fran\u00e7ais Juan Branco, Me Kaba est formel : \u00abC\u2019est un coup d\u2019\u00e9clat m\u00e9diatique qui ne correspond \u00e0 aucune r\u00e9alit\u00e9. Les crimes qui sont vis\u00e9s par la Cour p\u00e9nale internationale, si on les conna\u00eet, on ne peut utiliser cette institution pour fonder un argumentaire. Parce que ce sont des crimes d\u2019une gravit\u00e9 extr\u00eame. Il s\u2019agit de crimes de guerre, il s\u2019agit de g\u00e9nocide, il s\u2019agit de crimes d\u2019agression. Il s\u2019agit aussi de crimes contre l\u2019humanit\u00e9\u2026 Ceux qui le disent n\u2019ont ni la capacit\u00e9, ni la qualit\u00e9 pour pouvoir faire cela. Le S\u00e9n\u00e9gal est le premier pays au monde \u00e0 avoir ratifi\u00e9 les statuts de Rome. Et le S\u00e9n\u00e9gal a un syst\u00e8me judiciaire solide, si on compare au tribunal p\u00e9nal international qui est une juridiction de dernier recours\u00bb.Poursuivant, il d\u00e9clare : \u00abOn ne peut pas utiliser directement la Cour p\u00e9nale internationale pour venir juger. C\u2019est m\u00e9conna\u00eetre les principes de la Cour. Et qui peut le faire ? Ce n\u2019est pas un individu. Les statuts de Rome pr\u00e9cisent bien qui peut le faire. Qui peut le faire, c\u2019est un Etat partie ? Qui peut le faire, c\u2019est le procureur ? Qui peut le faire, c\u2019est le conseil de s\u00e9curit\u00e9. Ce n\u2019est pas un individu qui peut le faire, qui d\u00e9cide que cela est possible. Et je voudrais pr\u00e9ciser que le S\u00e9n\u00e9gal et ses institutions sont solides et la preuve que nous en avons donn\u00e9e, on a jug\u00e9 un Africain ici au S\u00e9n\u00e9gal, avec les principes et normes internationaux qui montrent parfaitement que le S\u00e9n\u00e9gal est un Etat de droit\u00bb. Sur l\u2019appel \u00e0 la r\u00e9sistance de Ousmane Sonko, en rapport avec l\u2019affaire \u00abSweet Beaut\u00e9\u00bb, Me Sidiki Kaba a d\u00e9clar\u00e9 que la justice ne doit subir aucune pression et que \u00abnul n&rsquo;est au dessus de la loi et force restera \u00e0 la loi\u00bb. \u00abL\u2019utilisation des cocktails molotov tue, et que dans cette situation, l&rsquo;Etat a le devoir de prot\u00e9ger les institutions de la R\u00e9publique, les personnes et leurs biens\u00bb. Pour le ministre Abdou Karim Fofana, \u00abl\u2019Etat restera ferme sur tout acte visant \u00e0 cr\u00e9er des troubles \u00e0 l\u2019ordre public\u00bb. \u00abAucun \u00c9tat organis\u00e9 ne laisse l&rsquo;anarchie prendre les rues\u00bb, a-t-il pr\u00e9cis\u00e9.Le ministre du Commerce, de la Consommation et des PME a \u00e9galement garanti que l&rsquo;ordre public sera maintenu et que l&rsquo;Etat ne laissera personne troubler la qui\u00e9tude des S\u00e9n\u00e9galais. Sur la question du dialogue national, Abdou Karim Fofana estime : \u00abLe dialogue est un \u00e9l\u00e9ment important de notre tradition d\u00e9mocratique. C&rsquo;est dans l&rsquo;ADN de notre politique. \u00abCette volont\u00e9 de dialogue d\u00e9note de l&rsquo;engagement du Pr\u00e9sident Macky Sall d&rsquo;\u0153uvrer pour la paix et la coh\u00e9sion nationale. S&rsquo;il y a des partis politiques qui refusent de participer au dialogue, c&rsquo;est parce qu&rsquo;ils ignorent que le dialogue fait partie de l&rsquo;ADN de la politique au S\u00e9n\u00e9gal\u00bb, a-t-il dit.<\/p>\n\n\n\n<p> SOURCE LERAL <\/p>\n","protected":false},"excerpt":{"rendered":"<p>D\u00e9sormais le gouvernement n\u2019entend pas laisser l\u2019image du S\u00e9n\u00e9gal train\u00e9e dans la boue par une opposition \u00abdevenue maitre dans l\u2019intoxication\u00bb.<\/p>\n","protected":false},"author":1,"featured_media":12889,"comment_status":"open","ping_status":"open","sticky":false,"template":"","format":"standard","meta":{"footnotes":""},"categories":[21],"tags":[],"class_list":["post-12888","post","type-post","status-publish","format-standard","has-post-thumbnail","hentry","category-societe"],"_links":{"self":[{"href":"https:\/\/dekkbi.com\/index.php?rest_route=\/wp\/v2\/posts\/12888","targetHints":{"allow":["GET"]}}],"collection":[{"href":"https:\/\/dekkbi.com\/index.php?rest_route=\/wp\/v2\/posts"}],"about":[{"href":"https:\/\/dekkbi.com\/index.php?rest_route=\/wp\/v2\/types\/post"}],"author":[{"embeddable":true,"href":"https:\/\/dekkbi.com\/index.php?rest_route=\/wp\/v2\/users\/1"}],"replies":[{"embeddable":true,"href":"https:\/\/dekkbi.com\/index.php?rest_route=%2Fwp%2Fv2%2Fcomments&post=12888"}],"version-history":[{"count":1,"href":"https:\/\/dekkbi.com\/index.php?rest_route=\/wp\/v2\/posts\/12888\/revisions"}],"predecessor-version":[{"id":12890,"href":"https:\/\/dekkbi.com\/index.php?rest_route=\/wp\/v2\/posts\/12888\/revisions\/12890"}],"wp:featuredmedia":[{"embeddable":true,"href":"https:\/\/dekkbi.com\/index.php?rest_route=\/wp\/v2\/media\/12889"}],"wp:attachment":[{"href":"https:\/\/dekkbi.com\/index.php?rest_route=%2Fwp%2Fv2%2Fmedia&parent=12888"}],"wp:term":[{"taxonomy":"category","embeddable":true,"href":"https:\/\/dekkbi.com\/index.php?rest_route=%2Fwp%2Fv2%2Fcategories&post=12888"},{"taxonomy":"post_tag","embeddable":true,"href":"https:\/\/dekkbi.com\/index.php?rest_route=%2Fwp%2Fv2%2Ftags&post=12888"}],"curies":[{"name":"wp","href":"https:\/\/api.w.org\/{rel}","templated":true}]}}