{"id":12865,"date":"2023-05-26T15:52:34","date_gmt":"2023-05-26T15:52:34","guid":{"rendered":"https:\/\/dekkbi.com\/?p=12865"},"modified":"2023-05-26T15:52:35","modified_gmt":"2023-05-26T15:52:35","slug":"prix-des-denrees-et-loyer-6603-commercants-recalcitrants-convoques-2654-plaintes-contre-les-bailleurs","status":"publish","type":"post","link":"https:\/\/dekkbi.com\/?p=12865","title":{"rendered":"Prix des denr\u00e9es et loyer: 6603 commer\u00e7ants r\u00e9calcitrants convoqu\u00e9s, 2654 plaintes contre les bailleurs !"},"content":{"rendered":"\n<p>iGFM &#8211; (Dakar) Le ministre du Commerce a fait le point, hier, sur l\u2019application des mesures de baisse des prix de certaines denr\u00e9es.<\/p>\n\n\n\n<p>L\u2019Etat du S\u00e9n\u00e9gal a pris des mesures pour faire baisser les prix de certaines denr\u00e9es alimentaires. Mais, la r\u00e9alit\u00e9 sur le terrain est que dans beaucoup de boutiques, les prix sont rest\u00e9s \u00e0 leur niveau d\u2019antan. Le ministre du Commerce qui faisait face aux d\u00e9put\u00e9s hier jeudi, a d\u00e9clar\u00e9 que l\u2019Etat assure le contr\u00f4le.<br><br>Ainsi, il a soulign\u00e9 que 6603 commer\u00e7ants \u00a0ont \u00e9t\u00e9 convoqu\u00e9s, 148 millions d\u2019amende administr\u00e9es pour pratique de prix illicites et 1137 tonnes de produits saisis. \u00abNous avons not\u00e9 un taux d\u2019effectivit\u00e9 de 68%. C\u2019est-\u00e0-dire que sur 100 commerces, 68 appliquaient les nouveaux prix et 32% n\u2019appliquent pas\u00bb, a indiqu\u00e9 Abdou Karim Fofana.<\/p>\n\n\n\n<figure class=\"wp-block-embed is-type-rich is-provider-prise-en-charge-des-contenus-embarques wp-block-embed-prise-en-charge-des-contenus-embarques wp-embed-aspect-16-9 wp-has-aspect-ratio\"><div class=\"wp-block-embed__wrapper\">\n<iframe loading=\"lazy\" title=\"&quot;6603 commer\u00e7ants convoqu\u00e9s&quot;, la r\u00e9v\u00e9lation du Ministre du Commerce\" width=\"800\" height=\"450\" src=\"https:\/\/www.youtube.com\/embed\/Oj8p33AYamE?feature=oembed\" frameborder=\"0\" allow=\"accelerometer; autoplay; clipboard-write; encrypted-media; gyroscope; picture-in-picture; web-share\" allowfullscreen><\/iframe>\n<\/div><\/figure>\n","protected":false},"excerpt":{"rendered":"<p>iGFM &#8211; (Dakar) Le ministre du Commerce a fait le point, hier, sur l\u2019application des mesures de baisse des prix<\/p>\n","protected":false},"author":1,"featured_media":12867,"comment_status":"open","ping_status":"open","sticky":false,"template":"","format":"standard","meta":{"footnotes":""},"categories":[3],"tags":[],"class_list":["post-12865","post","type-post","status-publish","format-standard","has-post-thumbnail","hentry","category-event-more-news"],"_links":{"self":[{"href":"https:\/\/dekkbi.com\/index.php?rest_route=\/wp\/v2\/posts\/12865","targetHints":{"allow":["GET"]}}],"collection":[{"href":"https:\/\/dekkbi.com\/index.php?rest_route=\/wp\/v2\/posts"}],"about":[{"href":"https:\/\/dekkbi.com\/index.php?rest_route=\/wp\/v2\/types\/post"}],"author":[{"embeddable":true,"href":"https:\/\/dekkbi.com\/index.php?rest_route=\/wp\/v2\/users\/1"}],"replies":[{"embeddable":true,"href":"https:\/\/dekkbi.com\/index.php?rest_route=%2Fwp%2Fv2%2Fcomments&post=12865"}],"version-history":[{"count":1,"href":"https:\/\/dekkbi.com\/index.php?rest_route=\/wp\/v2\/posts\/12865\/revisions"}],"predecessor-version":[{"id":12868,"href":"https:\/\/dekkbi.com\/index.php?rest_route=\/wp\/v2\/posts\/12865\/revisions\/12868"}],"wp:featuredmedia":[{"embeddable":true,"href":"https:\/\/dekkbi.com\/index.php?rest_route=\/wp\/v2\/media\/12867"}],"wp:attachment":[{"href":"https:\/\/dekkbi.com\/index.php?rest_route=%2Fwp%2Fv2%2Fmedia&parent=12865"}],"wp:term":[{"taxonomy":"category","embeddable":true,"href":"https:\/\/dekkbi.com\/index.php?rest_route=%2Fwp%2Fv2%2Fcategories&post=12865"},{"taxonomy":"post_tag","embeddable":true,"href":"https:\/\/dekkbi.com\/index.php?rest_route=%2Fwp%2Fv2%2Ftags&post=12865"}],"curies":[{"name":"wp","href":"https:\/\/api.w.org\/{rel}","templated":true}]}}