{"id":12859,"date":"2023-05-26T15:41:22","date_gmt":"2023-05-26T15:41:22","guid":{"rendered":"https:\/\/dekkbi.com\/?p=12859"},"modified":"2023-05-26T15:41:23","modified_gmt":"2023-05-26T15:41:23","slug":"qatargate-eva-kaili-va-reprendre-ses-fonctions-deurodeputee","status":"publish","type":"post","link":"https:\/\/dekkbi.com\/?p=12859","title":{"rendered":"Qatargate: Eva Kaili va reprendre ses fonctions d\u2019eurod\u00e9put\u00e9e"},"content":{"rendered":"\n<p><strong>L\u2019eurod\u00e9put\u00e9e grecque Eva Kaili, impliqu\u00e9e dans le scandale du \u201cQatargate\u201d, pr\u00e9voit de reprendre ses fonctions la semaine prochaine, suite \u00e0 l\u2019autorisation de retirer son bracelet \u00e9lectronique jeudi, a d\u00e9clar\u00e9 vendredi son avocat.<\/strong><\/p>\n\n\n\n<p>\u201cLa semaine prochaine, elle sera au Parlement europ\u00e9en pour exercer ses fonctions\u201d, a affirm\u00e9 l\u2019avocat grec d\u2019Eva Kaili, Michalis Dimitrakopoulos, \u00e0 la cha\u00eene de t\u00e9l\u00e9vision grecque Ska\u00ef. Elle demandera \u00e9galement au Parlement de d\u00e9terminer si sa surveillance, son arrestation et son incarc\u00e9ration ont viol\u00e9 ses droits en tant que d\u00e9put\u00e9e europ\u00e9enne, a ajout\u00e9 Michalis Dimitrakopoulos.<\/p>\n\n\n\n<h2 class=\"wp-block-heading\">Retrait de son bracelet \u00e9lectronique<\/h2>\n\n\n\n<p>La justice belge a autoris\u00e9 jeudi l\u2019ancienne journaliste de 44 ans \u00e0 retirer son bracelet \u00e9lectronique et l\u2019a lib\u00e9r\u00e9e de son assignation \u00e0 r\u00e9sidence dans l\u2019attente de son proc\u00e8s pour corruption. Ancienne \u00e9toile montante du Parlement europ\u00e9en, Eva Kaili a \u00e9t\u00e9 d\u00e9chue de sa fonction de vice-pr\u00e9sidente et exclue de son groupe au parlement des Socialistes et D\u00e9mocrates (S&amp;D). Arr\u00eat\u00e9e en d\u00e9cembre dans la capitale belge lors d\u2019une vague de perquisitions, Mme Kaili avait \u00e9t\u00e9 lib\u00e9r\u00e9e de prison \u00e0 la mi-avril, mais assign\u00e9e \u00e0 r\u00e9sidence sous bracelet \u00e9lectronique. Elle nie toutes les accusations.<\/p>\n\n\n\n<h2 class=\"wp-block-heading\">Deux autres suspects lib\u00e9r\u00e9s<\/h2>\n\n\n\n<p>Deux autres suspects dans cette affaire de corruption pr\u00e9sum\u00e9e au sein du Parlement europ\u00e9en ont d\u00e9j\u00e0 b\u00e9n\u00e9fici\u00e9 ce mois-ci d\u2019une lev\u00e9e de cette mesure de surveillance \u00e0 domicile. Il s\u2019agit de&nbsp;<strong>l\u2019eurod\u00e9put\u00e9 belge Marc Tarabella<\/strong>, qui comme Mme Kaili clame son innocence et a lui aussi annonc\u00e9 vouloir reprendre ses fonctions, et de&nbsp;<strong>Francesco Giorgi<\/strong>, compagnon de l\u2019\u00e9lue grecque et ex-assistant parlementaire de Pier Antonio Panzeri. Ce dernier, ancien eurod\u00e9put\u00e9 italien (2004-2019), qui est la personnalit\u00e9 centrale du dossier, reste, lui, plac\u00e9 sous bracelet \u00e9lectronique, une des modalit\u00e9s de la d\u00e9tention pr\u00e9ventive en Belgique.<\/p>\n\n\n\n<h2 class=\"wp-block-heading\">Six suspects inculp\u00e9s<\/h2>\n\n\n\n<p>Dans cette affaire de corruption pr\u00e9sum\u00e9e au profit du Qatar et du Maroc, au moins six suspects ont \u00e9t\u00e9 inculp\u00e9s, soup\u00e7onn\u00e9s notamment de participation \u00e0 une organisation criminelle et de blanchiment d\u2019argent. Le scandale a \u00e9clat\u00e9 en d\u00e9cembre quand les enqu\u00eateurs belges ont mis la main lors de perquisitions \u00e0 Bruxelles &#8211;notamment aux domiciles de Mme Kaili et de M. Panzeri&#8211; sur environ 1,5 million d\u2019euros en petites coupures r\u00e9parties dans des valises ou des sacs. Le juge d\u2019instruction charg\u00e9 de l\u2019enqu\u00eate, Michel Claise, soup\u00e7onne des versements en liquide intervenus en \u00e9change de d\u00e9cisions ou prises de position politiques favorables au Qatar et au Maroc au Parlement europ\u00e9en, ce que Doha et Rabat ont fermement ni\u00e9.<\/p>\n\n\n\n<p>M. Dimitrakopoulos a assur\u00e9 vendredi que M. Panzeri \u00e9tait le \u201ccerveau\u201d et que les empreintes digitales de Mme Kaili n\u2019avaient pas \u00e9t\u00e9 retrouv\u00e9es sur l\u2019argent saisi par la police. \u201cElle pense qu\u2019elle sera acquitt\u00e9e (&#8230;) si l\u2019affaire est jug\u00e9e\u201d, a-t-il ajout\u00e9.<\/p>\n","protected":false},"excerpt":{"rendered":"<p>L\u2019eurod\u00e9put\u00e9e grecque Eva Kaili, impliqu\u00e9e dans le scandale du \u201cQatargate\u201d, pr\u00e9voit de reprendre ses fonctions la semaine prochaine, suite \u00e0<\/p>\n","protected":false},"author":1,"featured_media":12860,"comment_status":"open","ping_status":"open","sticky":false,"template":"","format":"standard","meta":{"footnotes":""},"categories":[3],"tags":[],"class_list":["post-12859","post","type-post","status-publish","format-standard","has-post-thumbnail","hentry","category-event-more-news"],"_links":{"self":[{"href":"https:\/\/dekkbi.com\/index.php?rest_route=\/wp\/v2\/posts\/12859","targetHints":{"allow":["GET"]}}],"collection":[{"href":"https:\/\/dekkbi.com\/index.php?rest_route=\/wp\/v2\/posts"}],"about":[{"href":"https:\/\/dekkbi.com\/index.php?rest_route=\/wp\/v2\/types\/post"}],"author":[{"embeddable":true,"href":"https:\/\/dekkbi.com\/index.php?rest_route=\/wp\/v2\/users\/1"}],"replies":[{"embeddable":true,"href":"https:\/\/dekkbi.com\/index.php?rest_route=%2Fwp%2Fv2%2Fcomments&post=12859"}],"version-history":[{"count":1,"href":"https:\/\/dekkbi.com\/index.php?rest_route=\/wp\/v2\/posts\/12859\/revisions"}],"predecessor-version":[{"id":12861,"href":"https:\/\/dekkbi.com\/index.php?rest_route=\/wp\/v2\/posts\/12859\/revisions\/12861"}],"wp:featuredmedia":[{"embeddable":true,"href":"https:\/\/dekkbi.com\/index.php?rest_route=\/wp\/v2\/media\/12860"}],"wp:attachment":[{"href":"https:\/\/dekkbi.com\/index.php?rest_route=%2Fwp%2Fv2%2Fmedia&parent=12859"}],"wp:term":[{"taxonomy":"category","embeddable":true,"href":"https:\/\/dekkbi.com\/index.php?rest_route=%2Fwp%2Fv2%2Fcategories&post=12859"},{"taxonomy":"post_tag","embeddable":true,"href":"https:\/\/dekkbi.com\/index.php?rest_route=%2Fwp%2Fv2%2Ftags&post=12859"}],"curies":[{"name":"wp","href":"https:\/\/api.w.org\/{rel}","templated":true}]}}