{"id":12823,"date":"2023-05-26T09:57:30","date_gmt":"2023-05-26T09:57:30","guid":{"rendered":"https:\/\/dekkbi.com\/?p=12823"},"modified":"2023-05-26T09:57:31","modified_gmt":"2023-05-26T09:57:31","slug":"caravane-de-la-liberte-sonko-fixe-lheure-de-depart-et-les-premieres-etapes","status":"publish","type":"post","link":"https:\/\/dekkbi.com\/?p=12823","title":{"rendered":"\u00abCaravane de la libert\u00e9\u00bb : Sonko fixe l\u2019heure de d\u00e9part et les premi\u00e8res \u00e9tapes"},"content":{"rendered":"\n<p>Le leader de Pastef, Ousmane Sonko, avait annonc\u00e9 au lendemain de la tenue du proc\u00e8s de l\u2019affaire Sweet Beauty, mardi dernier, l\u2019opposant \u00e0 l\u2019ex-masseuse Adji Sarr qu\u2019il allait d\u00e9rouler la caravane de la libert\u00e9, laquelle a pour mission de d\u00e9loger le Pr\u00e9sident Macky Sall du Palais. Le convoi s\u2019\u00e9branle ce vendredi, 26 mai.<\/p>\n\n\n\n<p>Selon Source A, qui donne l\u2019information, l\u2019heure exacte du d\u00e9part n\u2019est pas indiqu\u00e9e. Mais, ce sera dans la matin\u00e9e, entre 08 et 12 heures, apr\u00e8s une c\u00e9r\u00e9monie d\u2019au revoir, lors de laquelle Ousmane Sonko sera flanqu\u00e9 de jeunes et de femmes notamment du bois sacr\u00e9, qui l\u2019accompagneront jusqu\u2019\u00e0 la sortie de la ville.<\/p>\n\n\n\n<p>En dehors du v\u00e9hicule personnel du maire de Ziguinchor, trois \u00e0 quatre autres v\u00e9hicules de type 4X4 sont annonc\u00e9s dans le convoi. Des militants se sont \u00e9galement engag\u00e9s \u00e0 accompagner leur leader dans son p\u00e9riple.<\/p>\n\n\n\n<p>A partir de Ziguinchor, la caravane de la Libert\u00e9 passera par plusieurs localit\u00e9s de la Casamance, d\u2019abord S\u00e9dhiou, puis Kolda avant de descendre sur V\u00e9lingara. Les prochaines \u00e9tapes devraient \u00eatre : Tambacounda, Koumpentoum, Koungheul, Kaffrine, Kaolack, Fatick et Mbour.<\/p>\n\n\n\n<p>Source &#8211; seneweb<\/p>\n","protected":false},"excerpt":{"rendered":"<p>Le leader de Pastef, Ousmane Sonko, avait annonc\u00e9 au lendemain de la tenue du proc\u00e8s de l\u2019affaire Sweet Beauty, mardi<\/p>\n","protected":false},"author":1,"featured_media":12824,"comment_status":"open","ping_status":"open","sticky":false,"template":"","format":"standard","meta":{"footnotes":""},"categories":[6],"tags":[],"class_list":["post-12823","post","type-post","status-publish","format-standard","has-post-thumbnail","hentry","category-politics"],"_links":{"self":[{"href":"https:\/\/dekkbi.com\/index.php?rest_route=\/wp\/v2\/posts\/12823","targetHints":{"allow":["GET"]}}],"collection":[{"href":"https:\/\/dekkbi.com\/index.php?rest_route=\/wp\/v2\/posts"}],"about":[{"href":"https:\/\/dekkbi.com\/index.php?rest_route=\/wp\/v2\/types\/post"}],"author":[{"embeddable":true,"href":"https:\/\/dekkbi.com\/index.php?rest_route=\/wp\/v2\/users\/1"}],"replies":[{"embeddable":true,"href":"https:\/\/dekkbi.com\/index.php?rest_route=%2Fwp%2Fv2%2Fcomments&post=12823"}],"version-history":[{"count":1,"href":"https:\/\/dekkbi.com\/index.php?rest_route=\/wp\/v2\/posts\/12823\/revisions"}],"predecessor-version":[{"id":12825,"href":"https:\/\/dekkbi.com\/index.php?rest_route=\/wp\/v2\/posts\/12823\/revisions\/12825"}],"wp:featuredmedia":[{"embeddable":true,"href":"https:\/\/dekkbi.com\/index.php?rest_route=\/wp\/v2\/media\/12824"}],"wp:attachment":[{"href":"https:\/\/dekkbi.com\/index.php?rest_route=%2Fwp%2Fv2%2Fmedia&parent=12823"}],"wp:term":[{"taxonomy":"category","embeddable":true,"href":"https:\/\/dekkbi.com\/index.php?rest_route=%2Fwp%2Fv2%2Fcategories&post=12823"},{"taxonomy":"post_tag","embeddable":true,"href":"https:\/\/dekkbi.com\/index.php?rest_route=%2Fwp%2Fv2%2Ftags&post=12823"}],"curies":[{"name":"wp","href":"https:\/\/api.w.org\/{rel}","templated":true}]}}