{"id":12820,"date":"2023-05-26T09:53:36","date_gmt":"2023-05-26T09:53:36","guid":{"rendered":"https:\/\/dekkbi.com\/?p=12820"},"modified":"2023-05-26T09:53:37","modified_gmt":"2023-05-26T09:53:37","slug":"la-maison-du-ministre-de-linterieur-incendiee-ce-qui-ressort-de-la-requisition-telephonique-et-linterrogatoire-de-b-ndiaye","status":"publish","type":"post","link":"https:\/\/dekkbi.com\/?p=12820","title":{"rendered":"La maison du ministre de l\u2019int\u00e9rieur incendi\u00e9e : ce qui ressort de la r\u00e9quisition t\u00e9l\u00e9phonique et l&rsquo;interrogatoire de B. Ndiaye"},"content":{"rendered":"\n<p><strong>La Dic a interpell\u00e9 et d\u00e9f\u00e9r\u00e9, mercredi au parquet, le nomm\u00e9 B. NdiayeDans le but de savoir o\u00f9 se trouve la v\u00e9rit\u00e9, les limiers ont exploit\u00e9 le t\u00e9l\u00e9phone de B. Ndiaye. Les r\u00e9sultats, selon nos informations, ont montr\u00e9 qu\u2019il a \u00e9mis et re\u00e7u des appels t\u00e9l\u00e9phoniques des nomm\u00e9s B. Mbengue, Mor et un autre.<\/strong><\/p>\n\n\n\n<p>Invit\u00e9 \u00e0 nouveau \u00e0 relater le contenu de ces diff\u00e9rents entretiens t\u00e9l\u00e9phoniques, B. Ndiaye a reconnu avoir effectivement re\u00e7u un appel t\u00e9l\u00e9phonique \u00e9manant du nomm\u00e9 Mbengue, lequel, d&rsquo;apr\u00e8s ses dires, l&rsquo;a contact\u00e9 pour lui dire qu&rsquo;il s&rsquo;\u00e9tait pr\u00e9sent\u00e9 \u00e0 son lieu de travail, mais qu&rsquo;il avait trouv\u00e9 le local ferm\u00e9, avant qu&rsquo;il ne r\u00e9ponde qu&rsquo;il \u00e9tait descendu. Cependant, pour ce qui concerne les nomm\u00e9s Mor et B. Mbengue, il a affirm\u00e9 ne pas se souvenir de s&rsquo;\u00eatre entretenu avec eux.<\/p>\n\n\n\n<p>Sur la nature de leurs rapports, il a d\u00e9clar\u00e9 qu&rsquo;ils sont tous des camarades de parti, car \u00e9tant militants de Pastef. Pour finir, il a d\u00e9clar\u00e9 qu\u2019ils sont domicili\u00e9s entre Touba et Mback\u00e9. Lors de son deuxi\u00e8me interrogatoire, dans le cadre de cette affaire, B. Ndiaye a d\u00e9clar\u00e9 qu&rsquo;il connait bien le nomm\u00e9 M. Faye qu&rsquo;il consid\u00e8re comme son ain\u00e9, avec qui il entretient des relations d&rsquo;amiti\u00e9 et discute souvent au t\u00e9l\u00e9phone et dont le domicile familial se situe dans un quartier de la ville sainte de Touba.<\/p>\n\n\n\n<p>Il a reconnu s&rsquo;\u00eatre entretenu au t\u00e9l\u00e9phone avec lui, dans la journ\u00e9e du 16 mai 2023, vers 10 h, pour s&rsquo;enqu\u00e9rir de l&rsquo;\u00e9volution des d\u00e9marches du mariage d&rsquo;un ami. Il a ajout\u00e9 que ce dernier est aussi un militant de Pastef depuis 2019 et occupe le poste de responsable de la Jeunesse patriotique du S\u00e9n\u00e9gal\/Section communale de Touba.<\/p>\n\n\n\n<p>Revenant sur l&rsquo;organisation et le d\u00e9roulement des activit\u00e9s du parti, il a soulign\u00e9 que des r\u00e9unions sont convoqu\u00e9es fr\u00e9quemment \u00e0 la permanence de Pastef pour se concerter et planifier des actions \u00e0 mener. Sur ce, a-t-il r\u00e9v\u00e9l\u00e9, leur derni\u00e8re r\u00e9union remonte au dernier dimanche avant son arrestation pour l&rsquo;installation de la Jeunesse patriotique du S\u00e9n\u00e9gal\/ Section d\u00e9partementale.<\/p>\n\n\n\n<p>Ensuite, le dimanche 14 mai 2023, il y a eu un point de presse \u00e0 la permanence de Pastef \u00e0 Touba, auquel il a d\u00e9clar\u00e9 avoir assist\u00e9 en compagnie du nomm\u00e9 Mor, pr\u00e9cisant ainsi que le nomm\u00e9 M. Faye \u00e9tait \u00e0 Dakar. Quant aux autres, il a soutenu qu&rsquo;il ignorait leur position. Interpell\u00e9 \u00e0 nouveau sur la nature de ses rapports avec les nomm\u00e9s B. Mbengue et Mor, il a d\u00e9clar\u00e9 que ces derniers ne sont rien d&rsquo;autre que des camarades de parti.<\/p>\n\n\n\n<p>Il a pr\u00e9cis\u00e9 que B. Mbengue est un militant de Pastef de Mback\u00e9 et que Mor milite \u00e0 Touba. Quant au nomm\u00e9 Khabane, il a soutenu qu&rsquo;il ne le connait pas, avant de r\u00e9it\u00e9rer que la nuit du 16 mai 2023, il \u00e9tait \u00e0 son domicile, de 19 h jusqu&rsquo;au lendemain \u00e0 8 h. Il a signal\u00e9 avoir perdu son t\u00e9l\u00e9phone, depuis le jeudi 18 mai 2023 vers 12 h, alors qu&rsquo;il quittait Ndindy pour rallier son lieu de travail.<\/p>\n\n\n\n<p>Lors de son troisi\u00e8me interrogatoire, B. Ndiaye a r\u00e9v\u00e9l\u00e9 qu&rsquo;en sa qualit\u00e9 de secr\u00e9taire administratif, il est charg\u00e9 de faire les convocations pour les r\u00e9unions, de r\u00e9diger les comptes rendus et les lettres \u00e0 adresser \u00e0 l&rsquo;administration et aux autorit\u00e9s de son parti. \u00c0 propos de son emploi du temps lors des journ\u00e9es du 9 f\u00e9vrier 2023, 10 f\u00e9vrier 2023 et 16 mai 2023, le susnomm\u00e9 a d\u00e9clar\u00e9 qu&rsquo;\u00e0 la date du 9 f\u00e9vrier, il s&rsquo;\u00e9tait rendu \u00e0 son lieu de travail o\u00f9 il est rest\u00e9 jusqu&rsquo;\u00e0 17 h, avant d&rsquo;\u00eatre inform\u00e9 de l&rsquo;arrestation du d\u00e9put\u00e9 Cheikh Thioro Mback\u00e9 par commissariat de Mback\u00e9. Sur ce, il a d\u00e9clar\u00e9 s&rsquo;\u00eatre rendu dans lesdits lieux avant de rentrer chez lui \u00e0 19 h.<\/p>\n\n\n\n<p>Concernant les nombreuses perturbations not\u00e9es entre Mback\u00e9 et Touba \u00e0 la m\u00eame date, suite \u00e0 l&rsquo;irrecevabilit\u00e9 de la d\u00e9claration de manifestation publique formul\u00e9e par le Pastef, le susnomm\u00e9 a d\u00e9clar\u00e9 qu&rsquo;il n&rsquo;a eu aucun r\u00f4le, ni responsabilit\u00e9 sur ces perturbations.<\/p>\n\n\n\n<p>Il a indiqu\u00e9 que le 10 f\u00e9vrier 2023, les \u00e9l\u00e9ments du commissariat de Mback\u00e9 sont venus \u00e0 l&rsquo;endroit pr\u00e9vu pour la manifestation enlever les b\u00e2ches qui y \u00e9taient \u00e9rig\u00e9es, avant d&#8217;embarquer les nomm\u00e9s Cheikh Thioro Mback\u00e9 et Serigne Assane Mback\u00e9, lib\u00e9r\u00e9s par la suite dans la nuit. Toutefois, a-t-il pr\u00e9cis\u00e9, il n&rsquo;\u00e9tait pas sur les lieux et a \u00e9t\u00e9 inform\u00e9 de cet \u00e9v\u00e9nement par le biais de leur groupe WhatsApp.<\/p>\n\n\n\n<p>Concernant, la journ\u00e9e du 10 f\u00e9vrier 2023, il a affirm\u00e9 que vers 9 h, il s&rsquo;est rendu \u00e0 la permanence de Pastef qu&rsquo;il n&rsquo;a quitt\u00e9 que pour aller effectuer la pri\u00e8re \u00e0 la grande mosqu\u00e9e, avant d&rsquo;y retourner juste apr\u00e8s et y est rest\u00e9 jusqu&rsquo;\u00e0 20 h pour retourner chez lui \u00e0 Gouye Mbinde.<\/p>\n\n\n\n<p>Revenant sur le mouvement d&rsquo;humeur du 17 mars 2023 cons\u00e9cutif \u00e0 l&rsquo;arrestation de trois individus lors d&rsquo;une manifestation et \u00e0 l&rsquo;occasion duquel les \u00e9l\u00e8ves du lyc\u00e9e de Mback\u00e9 ont \u00e9t\u00e9 d\u00e9log\u00e9s, il a soutenu que cette date a co\u00efncid\u00e9 avec l&rsquo;arrestation des trois militants de Pastef qui s&rsquo;\u00e9taient rendus au lyc\u00e9e, en vue de faire sortir les \u00e9l\u00e8ves en guise de solidarit\u00e9 avec leurs fr\u00e8res rest\u00e9s en prison. Il a signal\u00e9 que les \u00e9l\u00e8ves ont neutralis\u00e9 ces derniers, avant d&rsquo;aviser le commissariat de Mback\u00e9.<\/p>\n\n\n\n<p>Source &#8211; L\u00e9ral<\/p>\n","protected":false},"excerpt":{"rendered":"<p>La Dic a interpell\u00e9 et d\u00e9f\u00e9r\u00e9, mercredi au parquet, le nomm\u00e9 B. NdiayeDans le but de savoir o\u00f9 se trouve<\/p>\n","protected":false},"author":1,"featured_media":12821,"comment_status":"open","ping_status":"open","sticky":false,"template":"","format":"standard","meta":{"footnotes":""},"categories":[26],"tags":[],"class_list":["post-12820","post","type-post","status-publish","format-standard","has-post-thumbnail","hentry","category-fait-divers"],"_links":{"self":[{"href":"https:\/\/dekkbi.com\/index.php?rest_route=\/wp\/v2\/posts\/12820","targetHints":{"allow":["GET"]}}],"collection":[{"href":"https:\/\/dekkbi.com\/index.php?rest_route=\/wp\/v2\/posts"}],"about":[{"href":"https:\/\/dekkbi.com\/index.php?rest_route=\/wp\/v2\/types\/post"}],"author":[{"embeddable":true,"href":"https:\/\/dekkbi.com\/index.php?rest_route=\/wp\/v2\/users\/1"}],"replies":[{"embeddable":true,"href":"https:\/\/dekkbi.com\/index.php?rest_route=%2Fwp%2Fv2%2Fcomments&post=12820"}],"version-history":[{"count":1,"href":"https:\/\/dekkbi.com\/index.php?rest_route=\/wp\/v2\/posts\/12820\/revisions"}],"predecessor-version":[{"id":12822,"href":"https:\/\/dekkbi.com\/index.php?rest_route=\/wp\/v2\/posts\/12820\/revisions\/12822"}],"wp:featuredmedia":[{"embeddable":true,"href":"https:\/\/dekkbi.com\/index.php?rest_route=\/wp\/v2\/media\/12821"}],"wp:attachment":[{"href":"https:\/\/dekkbi.com\/index.php?rest_route=%2Fwp%2Fv2%2Fmedia&parent=12820"}],"wp:term":[{"taxonomy":"category","embeddable":true,"href":"https:\/\/dekkbi.com\/index.php?rest_route=%2Fwp%2Fv2%2Fcategories&post=12820"},{"taxonomy":"post_tag","embeddable":true,"href":"https:\/\/dekkbi.com\/index.php?rest_route=%2Fwp%2Fv2%2Ftags&post=12820"}],"curies":[{"name":"wp","href":"https:\/\/api.w.org\/{rel}","templated":true}]}}