{"id":12787,"date":"2023-05-25T11:18:24","date_gmt":"2023-05-25T11:18:24","guid":{"rendered":"https:\/\/dekkbi.com\/?p=12787"},"modified":"2023-05-25T11:18:25","modified_gmt":"2023-05-25T11:18:25","slug":"pour-son-combat-final-il-declare-une-tolerance-zero-pour-macky-sall","status":"publish","type":"post","link":"https:\/\/dekkbi.com\/?p=12787","title":{"rendered":"Pour son \u00abcombat final\u00bb : Il d\u00e9clare une \u00abtol\u00e9rance z\u00e9ro pour Macky Sall\u00bb"},"content":{"rendered":"\n<p><strong>Ousmane Sonko revient \u00e0 Dakar. Il l\u2019a annonc\u00e9 hier lors d\u2019une d\u00e9claration \u00e0 Ziguinchor. Le \u00abPatriote\u00bb en chef veut un arr\u00eat pur et simple de la machine judiciaire ou ce sera la \u00abconfrontation\u00bb avec le pouvoir.<\/strong><\/p>\n\n\n\n<p><strong>Par Malick GAYE \u2013&nbsp;<\/strong>Ousmane Sonko n\u2019attend pas le verdict du juge Issa Ndiaye pr\u00e9vu le 1er juin. Le \u00abPatriote\u00bb en chef a donn\u00e9 le signal pour \u00able combat final\u00bb \u00e0 Dakar. Dans une double d\u00e9claration en wolof et en fran\u00e7ais devant son domicile \u00e0 Ziguinchor et sur Facebook hier, il a annonc\u00e9 son retour dans la capitale \u00e0 travers la route. \u00abJe vais retourner \u00e0 Dakar, car chaque strat\u00e9gie a une \u00e9ch\u00e9ance. Le reste de la lutte doit se faire \u00e0 Dakar. Vous devez \u00eatre pr\u00eats \u00e0 m\u2019y accompagner\u00bb, a-t-il dit \u00e0 ses militants mass\u00e9s devant sa r\u00e9sidence. \u00abNous avons un projet pour le S\u00e9n\u00e9gal. Le combat final se fera \u00e0 Dakar\u00bb, a-t-il ajout\u00e9.<\/p>\n\n\n\n<p>Il explique que sa retraite dans le Sud \u00e9tait strat\u00e9gique. \u00abNotre retraite \u00e0 Ziguinchor nous a permis de d\u00e9jouer le plan de Macky, de gagner du temps et de remobiliser les troupes. Maintenant, on ira \u00e0 Dakar pour se confronter \u00e0 Macky Sall, car il ne conna\u00eet que ce langage. Je donne rendez-vous \u00e0 tous les jeunes qui croient au projet de me rejoindre \u00e0 Dakar. Soit Macky recule dans son entreprise, soit on va se confronter. Son procureur avait parl\u00e9 de z\u00e9ro tol\u00e9rance me concernant. Maintenant, ce sera z\u00e9ro tol\u00e9rance pour Macky\u00bb, a-t-il affirm\u00e9. Le maire de Ziguinchor a par ailleurs averti que rien ne pourra l\u2019emp\u00eacher d\u2019aller jusqu\u2019au bout de son projet. \u00abSi je dois donner ma vie pour changer le S\u00e9n\u00e9gal, je ne vais pas h\u00e9siter \u00e0 le faire. Que Macky sache que je n\u2019ai pas peur de lui. Peu importe ses moyens, je vais lui faire face. Macky Sall a re\u00e7u toutes sortes d\u2019ouvertures. Mais \u00e0 chaque fois qu\u2019on met un pas en arri\u00e8re, Macky l\u2019assimile \u00e0 la peur. Il ne conna\u00eet que la confrontation. Main\u00adtenant, il faut terminer en beaut\u00e9\u00bb, a-t-il expliqu\u00e9.<\/p>\n\n\n\n<p>En informant ses militants de sa d\u00e9cision de regagner Dakar, Ousmane Sonko est largement revenu sur les motifs de sa pr\u00e9sence \u00e0 Ziguinchor. Selon le \u00abPatriote\u00bb en chef, il \u00e9tait \u00e0 Ziguinchor pour \u00e9viter de revivre les convocations dans le proc\u00e8s pour diffamation. C\u2019est pour \u00e9viter une arrestation qu\u2019il s\u2019est r\u00e9fugi\u00e9 \u00e0 Ziguinchor.<\/p>\n\n\n\n<p><br><strong>mgaye@lequotidien.sn<\/strong><\/p>\n","protected":false},"excerpt":{"rendered":"<p>Ousmane Sonko revient \u00e0 Dakar. Il l\u2019a annonc\u00e9 hier lors d\u2019une d\u00e9claration \u00e0 Ziguinchor. Le \u00abPatriote\u00bb en chef veut un<\/p>\n","protected":false},"author":1,"featured_media":11764,"comment_status":"open","ping_status":"open","sticky":false,"template":"","format":"standard","meta":{"footnotes":""},"categories":[26],"tags":[],"class_list":["post-12787","post","type-post","status-publish","format-standard","has-post-thumbnail","hentry","category-fait-divers"],"_links":{"self":[{"href":"https:\/\/dekkbi.com\/index.php?rest_route=\/wp\/v2\/posts\/12787","targetHints":{"allow":["GET"]}}],"collection":[{"href":"https:\/\/dekkbi.com\/index.php?rest_route=\/wp\/v2\/posts"}],"about":[{"href":"https:\/\/dekkbi.com\/index.php?rest_route=\/wp\/v2\/types\/post"}],"author":[{"embeddable":true,"href":"https:\/\/dekkbi.com\/index.php?rest_route=\/wp\/v2\/users\/1"}],"replies":[{"embeddable":true,"href":"https:\/\/dekkbi.com\/index.php?rest_route=%2Fwp%2Fv2%2Fcomments&post=12787"}],"version-history":[{"count":1,"href":"https:\/\/dekkbi.com\/index.php?rest_route=\/wp\/v2\/posts\/12787\/revisions"}],"predecessor-version":[{"id":12788,"href":"https:\/\/dekkbi.com\/index.php?rest_route=\/wp\/v2\/posts\/12787\/revisions\/12788"}],"wp:featuredmedia":[{"embeddable":true,"href":"https:\/\/dekkbi.com\/index.php?rest_route=\/wp\/v2\/media\/11764"}],"wp:attachment":[{"href":"https:\/\/dekkbi.com\/index.php?rest_route=%2Fwp%2Fv2%2Fmedia&parent=12787"}],"wp:term":[{"taxonomy":"category","embeddable":true,"href":"https:\/\/dekkbi.com\/index.php?rest_route=%2Fwp%2Fv2%2Fcategories&post=12787"},{"taxonomy":"post_tag","embeddable":true,"href":"https:\/\/dekkbi.com\/index.php?rest_route=%2Fwp%2Fv2%2Ftags&post=12787"}],"curies":[{"name":"wp","href":"https:\/\/api.w.org\/{rel}","templated":true}]}}