{"id":12678,"date":"2023-05-24T09:37:31","date_gmt":"2023-05-24T09:37:31","guid":{"rendered":"https:\/\/dekkbi.com\/?p=12678"},"modified":"2023-05-24T15:18:23","modified_gmt":"2023-05-24T15:18:23","slug":"ouverture-des-assemblees-annuelles-de-la-bad-les-besoins-de-financement-du-continent-mis-en-exergue","status":"publish","type":"post","link":"https:\/\/dekkbi.com\/?p=12678","title":{"rendered":"Assembl\u00e9es annuelles de la Banque Africaine de D\u00e9veloppement"},"content":{"rendered":"\n<p class=\"has-medium-font-size\">Les besoins de financement du continent mis en exergue<\/p>\n\n\n\n<p><strong>L\u2019\u00e9dition 2023 des Assembl\u00e9es annuelles du Groupe de la Banque africaine de d\u00e9veloppement ont \u00e9t\u00e9 ouvertes ce 23 mai \u00e0 Charm El Cheikh, la cit\u00e9 de la paix consacr\u00e9e par l\u2019Unesco, en Egypte.<\/strong><\/p>\n\n\n\n<p>La c\u00e9r\u00e9monie d\u2019ouverture a vu la participation des pr\u00e9sidents d\u2019Egypte (Abdel Fata Al Sisi), des Comores (Azali Asoumani) et du&nbsp;Zimbabwe (Emerson Nangagwa). Il y a aussi le pr\u00e9sident de la Commission de l\u2019Union africaine, Moussa Faki Mohamed. Pr\u00e8s de quatre mille (4000) personnes prennent part \u00e0 ce rendez-vous annuel.<br>&nbsp;<br>Le th\u00e8me cette ann\u00e9e est \u00ab Mobiliser les financements du secteur priv\u00e9 en faveur du climat et de la croissance verte en Afrique \u00bb. Il offre aux gouverneurs du Groupe de la Banque un cadre leur permettant de partager leurs exp\u00e9riences, en mati\u00e8re de mobilisation des financements du secteur priv\u00e9 national et international et d&rsquo;exploitation du capital naturel des pays membres r\u00e9gionaux (Pmr), afin de combler le d\u00e9ficit de financement climatique et de promouvoir la transition vers la croissance verte en Afrique. Au cours de la c\u00e9r\u00e9monie, les chefs d\u2019Etat pr\u00e9sents et le pr\u00e9sident de la Bad tout comme le pr\u00e9sident de l\u2019Union africaine ont mis en exergue les besoins de financement du continent africain.<br>&nbsp;<br>Dans son discours, le pr\u00e9sident de la Bad est revenu sur le besoin de financement pour faire face aux d\u00e9fis climatiques. Pour Akinwumi Adesina, 14 milliards de dollars \u00e0 mobiliser pour faire face aux effets des changements climatiques. Il a indiqu\u00e9 que la Bad a pris des initiatives pour l\u2019adaptation climatique. Il cite ainsi, le Centre pour l\u2019adaptation, l\u2019Alliance africaine pour le climat. \u00abNous devons faire plus concernant le secteur des infrastructures. Il faut doper les investissements priv\u00e9s dans les \u00e9nergies renouvelables&nbsp;\u00bb, a d\u00e9clar\u00e9 le patron de la Bad.<br>&nbsp;<br>Ouvrant les travaux, le pr\u00e9sident de la R\u00e9publique arabe d\u2019Egypte juge important de r\u00e9pondre aux besoins de financement. Al Sisi dit esp\u00e9rer que les pays africains seront accompagn\u00e9s par les organisations internationales. Selon lui, les banques multilat\u00e9rales de d\u00e9veloppement ont un r\u00f4le \u00e0 jouer dans le financement des investissements en Afrique.<br>&nbsp;<br>Prenant la parole, le pr\u00e9sident des Comores, Azaly Assoumani est revenu sur le th\u00e8me de cette \u00e9dition. Pour le pr\u00e9sident en exercice de l\u2019Union africaine, la mobilisation des ressources financi\u00e8res est importante pour contenir les risques et catastrophes&nbsp;: changements climatiques, s\u00e9cheresse, inondation entrainent des pertes en vies humaines, d\u00e9placement de population. Selon lui, il est possible de faire face gr\u00e2ce \u00e0 l\u2019implication de notre secteur priv\u00e9 et une r\u00e9elle mobilisation des ressources. M. Azaly juge important d\u2019encourager l\u2019investissement du secteur priv\u00e9 en Afrique. Il a ajout\u00e9 que les banques multilat\u00e9rales de d\u00e9veloppement doivent jouer leur partition en accroissant le volume de financement. Le chef de l\u2019Etat encourage la Bad \u00e0 accompagner le secteur priv\u00e9 africain dans sa qu\u00eate de financement vert.<br>&nbsp;<br>Pour le pr\u00e9sident de la Commission de l\u2019Union africaine, il y a urgence de convenir sur des sources de financements appropri\u00e9es. Dans son discours, il n\u2019a pas manqu\u00e9 de revenir sur les nombreux d\u00e9fis du continent.<br>&nbsp;<br><strong>Source &#8211; Ismaila BA, Sharm El Sheikh, Egypte &#8211; lejecos<\/strong><\/p>\n","protected":false},"excerpt":{"rendered":"<p>Les besoins de financement du continent mis en exergue L\u2019\u00e9dition 2023 des Assembl\u00e9es annuelles du Groupe de la Banque africaine<\/p>\n","protected":false},"author":1,"featured_media":12679,"comment_status":"open","ping_status":"open","sticky":false,"template":"","format":"standard","meta":{"footnotes":""},"categories":[3],"tags":[],"class_list":["post-12678","post","type-post","status-publish","format-standard","has-post-thumbnail","hentry","category-event-more-news"],"_links":{"self":[{"href":"https:\/\/dekkbi.com\/index.php?rest_route=\/wp\/v2\/posts\/12678","targetHints":{"allow":["GET"]}}],"collection":[{"href":"https:\/\/dekkbi.com\/index.php?rest_route=\/wp\/v2\/posts"}],"about":[{"href":"https:\/\/dekkbi.com\/index.php?rest_route=\/wp\/v2\/types\/post"}],"author":[{"embeddable":true,"href":"https:\/\/dekkbi.com\/index.php?rest_route=\/wp\/v2\/users\/1"}],"replies":[{"embeddable":true,"href":"https:\/\/dekkbi.com\/index.php?rest_route=%2Fwp%2Fv2%2Fcomments&post=12678"}],"version-history":[{"count":4,"href":"https:\/\/dekkbi.com\/index.php?rest_route=\/wp\/v2\/posts\/12678\/revisions"}],"predecessor-version":[{"id":12731,"href":"https:\/\/dekkbi.com\/index.php?rest_route=\/wp\/v2\/posts\/12678\/revisions\/12731"}],"wp:featuredmedia":[{"embeddable":true,"href":"https:\/\/dekkbi.com\/index.php?rest_route=\/wp\/v2\/media\/12679"}],"wp:attachment":[{"href":"https:\/\/dekkbi.com\/index.php?rest_route=%2Fwp%2Fv2%2Fmedia&parent=12678"}],"wp:term":[{"taxonomy":"category","embeddable":true,"href":"https:\/\/dekkbi.com\/index.php?rest_route=%2Fwp%2Fv2%2Fcategories&post=12678"},{"taxonomy":"post_tag","embeddable":true,"href":"https:\/\/dekkbi.com\/index.php?rest_route=%2Fwp%2Fv2%2Ftags&post=12678"}],"curies":[{"name":"wp","href":"https:\/\/api.w.org\/{rel}","templated":true}]}}