{"id":12666,"date":"2023-05-24T09:02:46","date_gmt":"2023-05-24T09:02:46","guid":{"rendered":"https:\/\/dekkbi.com\/?p=12666"},"modified":"2023-05-24T14:51:06","modified_gmt":"2023-05-24T14:51:06","slug":"le-recap-corruption-de-la-jeunesse-ou-viols-dommages-et-interets-delibere-ce-quil-faut-retenir-de-la-fin-du-proces-adji-sarr-ousmane-sonko","status":"publish","type":"post","link":"https:\/\/dekkbi.com\/?p=12666","title":{"rendered":"[Le R\u00e9cap]: Ce qu\u2019il faut retenir de la fin du proc\u00e8s Adji Sarr-Ousmane Sonko"},"content":{"rendered":"\n<p>Un procureur du tribunal de Dakar a requis mercredi dix ans de r\u00e9clusion criminelle pour viols contre Ousmane Sonko, absent durant l\u2019audience.<\/p>\n\n\n\n<p>Le jugement a \u00e9t\u00e9 mis en d\u00e9lib\u00e9r\u00e9 et la d\u00e9cision est attendue le 1er juin, a indiqu\u00e9 dans la nuit de mardi \u00e0 mercredi le pr\u00e9sident de la chambre criminelle dans un climat de haute tension politique.<\/p>\n\n\n\n<p>La plaignante Adji Sarr avait maintenu la veille ses accusations, assurant avoir \u00e9t\u00e9 viol\u00e9e cinq fois par M. Sonko dans le salon Sweet Beaut\u00e9 o\u00f9 elle travaillait. Elle a relat\u00e9 sans d\u00e9tour les actes que M. Sonko, affirme-t-elle, lui a impos\u00e9 entre fin d\u00e9cembre 2020 et d\u00e9but f\u00e9vrier 2021, jusqu&rsquo;\u00e0 ce qu&rsquo;elle d\u00e9pose une plainte qui a secou\u00e9 le monde politique.<\/p>\n\n\n\n<p>\u00ab\u00a0Si le viol n&#8217;emporte pas votre conviction\u00a0\u00bb, le procureur a \u00e9galement requis cinq ans d&#8217;emprisonnement ferme pour \u00ab\u00a0corruption de la jeunesse\u00a0\u00bb.<\/p>\n\n\n\n<p>La jeune femme d&rsquo;un peu plus de 20 ans a aussi rapport\u00e9 les menaces de mort dont elle dit avoir fait l&rsquo;objet, autre chef d&rsquo;accusation retenu contre le pr\u00e9sident du parti Pastef-les Patriotes arriv\u00e9 troisi\u00e8me de la pr\u00e9sidentielle en 2019.<\/p>\n\n\n\n<p>Sur ce volet de l&rsquo;affaire, le parquet a requis un an d&#8217;emprisonnement ferme. La partie civile avait aussi r\u00e9clam\u00e9 1,5 milliard de francs CFA&nbsp; \u00e0 M. Sonko et \u00e0 Mme Nd\u00e8ye Khady Ndiaye, la patronne du salon de beaut\u00e9.<\/p>\n\n\n\n<p><strong>&nbsp;D\u00e9fense absente<\/strong><\/p>\n\n\n\n<p>M. Sonko, 48 ans, a reconnu \u00eatre all\u00e9 se faire masser pour apaiser des douleurs de dos chroniques. Mais il a toujours r\u00e9fut\u00e9 les accusations dans les dossiers de viols pr\u00e9sum\u00e9s et de diffamation et cri\u00e9 au complot du pouvoir pour l&rsquo;\u00e9carter de la pr\u00e9sidentielle. Sa d\u00e9fense s&rsquo;\u00e9tait retir\u00e9e apr\u00e8s avoir demand\u00e9 en vain le report du proc\u00e8s.<\/p>\n\n\n\n<p>Disant craindre pour sa s\u00e9curit\u00e9, Ousmane Sonko a annonc\u00e9 qu&rsquo;il ne r\u00e9pondrait plus aux convocations de la justice sans garantie de l&rsquo;Etat pour son int\u00e9grit\u00e9 physique. L&rsquo;Etat n&rsquo;a donn\u00e9 aucun signe d&rsquo;avoir acc\u00e9d\u00e9 \u00e0 cette exigence.<\/p>\n\n\n\n<p>M. Sonko est pr\u00e9sum\u00e9 se trouver \u00e0 Ziguinchor, ville dont il est le maire et o\u00f9 il s&rsquo;est retir\u00e9 il y a plusieurs jours, \u00e0 des centaines de kilom\u00e8tres de Dakar. Ses partisans montent une garde \u00e9troite autour de son domicile pour parer une \u00e9ventuelle tentative de l&rsquo;amener de force au tribunal. Des heurts avec la police ont \u00e9clat\u00e9 mardi soir, ont rapport\u00e9 des m\u00e9dias proches de l&rsquo;opposant.<\/p>\n\n\n\n<p>Ce proc\u00e8s retentissant est l&rsquo;\u00e9pilogue d&rsquo;un feuilleton qui tient le S\u00e9n\u00e9gal en haleine depuis plus de deux ans. L&rsquo;enjeu en est autant criminel que politique. L&rsquo;\u00e9ligibilit\u00e9 de M. Sonko et sa facult\u00e9 de concourir en 2024 en d\u00e9pendent.<\/p>\n\n\n\n<p>Les rendez-vous de M. Sonko avec la justice dans cette affaire, et une autre de diffamation dans laquelle il vient d&rsquo;\u00eatre condamn\u00e9 et qui pourrait elle aussi le priver de ses droits \u00e9lectoraux, ont r\u00e9guli\u00e8rement donn\u00e9 lieu \u00e0 des incidents et des affrontements.<\/p>\n\n\n\n<p>Ses adversaires l&rsquo;accusent de s&rsquo;en remettre \u00e0 la rue pour \u00e9chapper \u00e0 la justice, ou d&rsquo;\u00eatre un agitateur fomentant un projet \u00ab\u00a0insurrectionnel\u00a0\u00bb.<br><strong>Cinq ans de r\u00e9clusion requis contre Nd\u00e8ye Khady Ndiaye<\/strong><\/p>\n\n\n\n<p>L&rsquo;activit\u00e9 a une fois de plus \u00e9t\u00e9 ralentie \u00e0 Dakar mardi, les \u00e9coles ont annonc\u00e9 rester ferm\u00e9es mercredi, et jusqu&rsquo;\u00e0 au moins jeudi matin \u00e0 Ziguinchor. Aucun trouble significatif n&rsquo;a \u00e9t\u00e9 rapport\u00e9 pendant le proc\u00e8s.<\/p>\n\n\n\n<p>Le proc\u00e8s s&rsquo;\u00e9tait ouvert le 16 mai dans un contexte de heurts et avait \u00e9t\u00e9 report\u00e9 au bout de quelques minutes. Dans un tribunal plac\u00e9 sous haute protection polici\u00e8re, il a fini mardi par entrer dans le vif du sujet apr\u00e8s le rejet de nouvelles demandes de report, avec la lecture de l&rsquo;acte d&rsquo;accusation et l&rsquo;interrogatoire de la co-accus\u00e9e de M. Sonko, Nd\u00e8ye Khady Ndiaye, patronne du salon de beaut\u00e9.<\/p>\n\n\n\n<p>Cinq ans de r\u00e9clusion criminelle ont \u00e9t\u00e9 requis contre Mme Ndiaye pour \u00ab\u00a0complicit\u00e9 de viols\u00a0\u00bb et un an d&#8217;emprisonnement ferme pour diffusion d&rsquo;images contraires aux bonnes m\u0153urs et incitation \u00e0 la d\u00e9bauche.<\/p>\n\n\n\n<p>La patronne de Sweet Beaut\u00e9, dans les toutes derni\u00e8res semaines de sa grossesse, a ni\u00e9 les faits. \u00ab\u00a0Adji Sarr ne m&rsquo;a jamais parl\u00e9 de viol. Elle n&rsquo;en a jamais parl\u00e9 \u00e0 mon \u00e9poux\u00a0\u00bb, a-t-elle dit. Elle a r\u00e9pondu aux questions seule, ses avocats ayant aussi quitt\u00e9 la salle.<\/p>\n\n\n\n<p>La plainte d&rsquo;Adji Sarr a passag\u00e8rement mis la question du viol sur la place publique o\u00f9 elle est volontiers pass\u00e9e sous silence. Adji Sarr a \u00e9t\u00e9 attaqu\u00e9e et menac\u00e9e sur les r\u00e9seaux sociaux. Mais elle a toujours r\u00e9clam\u00e9 justice.<\/p>\n\n\n\n<p>Le viol, criminalis\u00e9 depuis 2020, est passible de dix \u00e0 vingt ans de prison<\/p>\n\n\n\n<p>L&rsquo;interpellation de M. Sonko dans cette affaire en 2021 avait contribu\u00e9 \u00e0 d\u00e9clencher plusieurs jours d&rsquo;\u00e9meutes qui avaient fait au moins 12 morts.<\/p>\n\n\n\n<p>Source &#8211; seneweb<\/p>\n","protected":false},"excerpt":{"rendered":"<p>Un procureur du tribunal de Dakar a requis mercredi dix ans de r\u00e9clusion criminelle pour viols contre Ousmane Sonko, absent<\/p>\n","protected":false},"author":1,"featured_media":12667,"comment_status":"open","ping_status":"open","sticky":false,"template":"","format":"standard","meta":{"footnotes":""},"categories":[21],"tags":[],"class_list":["post-12666","post","type-post","status-publish","format-standard","has-post-thumbnail","hentry","category-societe"],"_links":{"self":[{"href":"https:\/\/dekkbi.com\/index.php?rest_route=\/wp\/v2\/posts\/12666","targetHints":{"allow":["GET"]}}],"collection":[{"href":"https:\/\/dekkbi.com\/index.php?rest_route=\/wp\/v2\/posts"}],"about":[{"href":"https:\/\/dekkbi.com\/index.php?rest_route=\/wp\/v2\/types\/post"}],"author":[{"embeddable":true,"href":"https:\/\/dekkbi.com\/index.php?rest_route=\/wp\/v2\/users\/1"}],"replies":[{"embeddable":true,"href":"https:\/\/dekkbi.com\/index.php?rest_route=%2Fwp%2Fv2%2Fcomments&post=12666"}],"version-history":[{"count":2,"href":"https:\/\/dekkbi.com\/index.php?rest_route=\/wp\/v2\/posts\/12666\/revisions"}],"predecessor-version":[{"id":12722,"href":"https:\/\/dekkbi.com\/index.php?rest_route=\/wp\/v2\/posts\/12666\/revisions\/12722"}],"wp:featuredmedia":[{"embeddable":true,"href":"https:\/\/dekkbi.com\/index.php?rest_route=\/wp\/v2\/media\/12667"}],"wp:attachment":[{"href":"https:\/\/dekkbi.com\/index.php?rest_route=%2Fwp%2Fv2%2Fmedia&parent=12666"}],"wp:term":[{"taxonomy":"category","embeddable":true,"href":"https:\/\/dekkbi.com\/index.php?rest_route=%2Fwp%2Fv2%2Fcategories&post=12666"},{"taxonomy":"post_tag","embeddable":true,"href":"https:\/\/dekkbi.com\/index.php?rest_route=%2Fwp%2Fv2%2Ftags&post=12666"}],"curies":[{"name":"wp","href":"https:\/\/api.w.org\/{rel}","templated":true}]}}