{"id":12654,"date":"2023-05-23T13:11:52","date_gmt":"2023-05-23T13:11:52","guid":{"rendered":"https:\/\/dekkbi.com\/?p=12654"},"modified":"2023-05-23T13:11:53","modified_gmt":"2023-05-23T13:11:53","slug":"kolda-les-jeunes-de-lapr-invitent-le-president-sall-a-retablir-le-ministre-abdoulaye-bibi-balde","status":"publish","type":"post","link":"https:\/\/dekkbi.com\/?p=12654","title":{"rendered":"Kolda : Les jeunes de l&rsquo;APR invitent le Pr\u00e9sident Sall \u00e0 r\u00e9tablir le Ministre Abdoulaye Bibi Bald\u00e9"},"content":{"rendered":"\n<p>Faisant suite aux consultations engag\u00e9es par les bases politiques du Ministre Abdoulaye Bibi Bald\u00e9 afin de d\u00e9terminer ensemble une position commune, la section Jeunesse a tenu une rencontre ce dimanche 21 mai 2023 \u00e0 Kolda.<\/p>\n\n\n\n<p>Constatant les efforts consentis par le Ministre Abdoulaye Bibi Bald\u00e9 lors de son passage dans les diff\u00e9rents d\u00e9partements minist\u00e9riels et les actions courageuses entreprises mettant sa priorit\u00e9 sur l\u2019emploi et l\u2019employabilit\u00e9 des jeunes de Kolda, cette jeunesse reconnaissante et constante, r\u00e9it\u00e8re son soutien sans condition et reste mobilis\u00e9e comme un seul homme autour de son leader, pour d\u2019autres perspectives et d\u00e9fis.<\/p>\n\n\n\n<p>Analysant la situation politique locale nimb\u00e9e de paradoxe et d\u2019une paresse manifeste justifi\u00e9e par un manque d\u2019animation, de massification et mieux, par des formules silencieuses adopt\u00e9es par d\u2019aucuns \u00e0 la recherche d\u2019asile en ce tournant d\u00e9cisif marqu\u00e9 par un ni OUI ni NON accablant et stressant.<\/p>\n\n\n\n<p>Comprenant les enjeux du moment, la jeunesse compte sortir de son silence et interpeller le pr\u00e9sident de la R\u00e9publique Macky Sall, pour lui dire de vive voix que son d\u00e9ploiement politique d\u00e9pendra du traitement r\u00e9serv\u00e9 au Ministre Abdoulaye Bibi Bald\u00e9, sachant que les populations koldoises (toutes couches confondues) \u00e0 l\u2019unanimit\u00e9, ont compris et regrettent de n\u2019avoir eu le flair de le maintenir encore dans les affaires.<\/p>\n\n\n\n<p>Compte tenu de l\u2019importance qu&rsquo;elle accorde \u00e0 sa survie politique, la jeunesse invite le pr\u00e9sident de R\u00e9publique \u00e0 r\u00e9tablir le Ministre Abdoulaye Bibi Bald\u00e9, qui pendant huit mois, a exhort\u00e9 sa base politique au calme et la retenue.<\/p>\n\n\n\n<p>Vu l\u2019insuffisance du temps imparti, la jeunesse invite le pr\u00e9sident de la R\u00e9publique \u00e0 rectifier le tir pendant qu\u2019il est temps et \u00e0 reconna\u00eetre ses fid\u00e8les collaborateurs, qui n\u2019ont jamais mis de pression sur lui ou gel\u00e9 des activit\u00e9s pour b\u00e9n\u00e9ficier de nominations,<\/p>\n\n\n\n<p>Partant de toutes ces consid\u00e9rations, la jeunesse compte s\u2019ouvrir aux autres sections (les \u00e9tudiants, les femmes, les adultes et alli\u00e9s de Bibi), pour l\u2019adoption d\u2019une posture commune, afin de poursuivre la mission qui est loin d\u2019\u00eatre de tout repos, tant que les populations koldoises sentent et ressentent encore ses actions, constituant une lueur d\u2019espoir et sapr\u00e9sence \u00e0 leurs c\u00f4t\u00e9s, dans les moments de bonheur et de malheur.<\/p>\n\n\n\n<p>Nd\u00e8ye Fatou K\u00e9b\u00e9<\/p>\n\n\n\n<p>LERAL<\/p>\n","protected":false},"excerpt":{"rendered":"<p>Faisant suite aux consultations engag\u00e9es par les bases politiques du Ministre Abdoulaye Bibi Bald\u00e9 afin de d\u00e9terminer ensemble une position<\/p>\n","protected":false},"author":1,"featured_media":12655,"comment_status":"open","ping_status":"open","sticky":false,"template":"","format":"standard","meta":{"footnotes":""},"categories":[6],"tags":[],"class_list":["post-12654","post","type-post","status-publish","format-standard","has-post-thumbnail","hentry","category-politics"],"_links":{"self":[{"href":"https:\/\/dekkbi.com\/index.php?rest_route=\/wp\/v2\/posts\/12654","targetHints":{"allow":["GET"]}}],"collection":[{"href":"https:\/\/dekkbi.com\/index.php?rest_route=\/wp\/v2\/posts"}],"about":[{"href":"https:\/\/dekkbi.com\/index.php?rest_route=\/wp\/v2\/types\/post"}],"author":[{"embeddable":true,"href":"https:\/\/dekkbi.com\/index.php?rest_route=\/wp\/v2\/users\/1"}],"replies":[{"embeddable":true,"href":"https:\/\/dekkbi.com\/index.php?rest_route=%2Fwp%2Fv2%2Fcomments&post=12654"}],"version-history":[{"count":1,"href":"https:\/\/dekkbi.com\/index.php?rest_route=\/wp\/v2\/posts\/12654\/revisions"}],"predecessor-version":[{"id":12656,"href":"https:\/\/dekkbi.com\/index.php?rest_route=\/wp\/v2\/posts\/12654\/revisions\/12656"}],"wp:featuredmedia":[{"embeddable":true,"href":"https:\/\/dekkbi.com\/index.php?rest_route=\/wp\/v2\/media\/12655"}],"wp:attachment":[{"href":"https:\/\/dekkbi.com\/index.php?rest_route=%2Fwp%2Fv2%2Fmedia&parent=12654"}],"wp:term":[{"taxonomy":"category","embeddable":true,"href":"https:\/\/dekkbi.com\/index.php?rest_route=%2Fwp%2Fv2%2Fcategories&post=12654"},{"taxonomy":"post_tag","embeddable":true,"href":"https:\/\/dekkbi.com\/index.php?rest_route=%2Fwp%2Fv2%2Ftags&post=12654"}],"curies":[{"name":"wp","href":"https:\/\/api.w.org\/{rel}","templated":true}]}}