{"id":12652,"date":"2023-05-23T13:09:28","date_gmt":"2023-05-23T13:09:28","guid":{"rendered":"https:\/\/dekkbi.com\/?p=12652"},"modified":"2023-05-23T13:09:30","modified_gmt":"2023-05-23T13:09:30","slug":"racisme-dans-les-stades-de-foot-cest-le-bon-moment-pour-prendre-des-mesures-drastiques-insiste-ancelotti","status":"publish","type":"post","link":"https:\/\/dekkbi.com\/?p=12652","title":{"rendered":"Racisme dans les stades de foot: \u00ab\u00a0c&rsquo;est le bon moment pour prendre des mesures drastiques\u00a0\u00bb, insiste Ancelotti"},"content":{"rendered":"\n<p>L&rsquo;entra\u00eeneur du Real Madrid Carlo Ancelotti a exhort\u00e9 mardi les autorit\u00e9s comp\u00e9tentes en Espagne \u00e0 prendre \u00ab\u00a0des mesures drastiques\u00a0\u00bb contre les cas de racisme dans les stades de football, deux jours apr\u00e8s les insultes qui ont vis\u00e9 son attaquant Vinicius \u00e0 Valence.<\/p>\n\n\n\n<p>\u00ab\u00a0Ca se passe avec Vinicius, mais aussi beaucoup d&rsquo;autres. On leur dit fils de pute, p\u00e9d\u00e9, que ton p\u00e8re ou que ta m\u00e8re meure&#8230; Mais ce n&rsquo;est pas une guerre, c&rsquo;est un sport! Et l\u00e0, on a une grande opportunit\u00e9 de mettre un terme \u00e0 tout cela\u00a0\u00bb, a d\u00e9clar\u00e9 Ancelotti mardi, avant le match du Real contre le Rayo Vallecano mercredi (19h30) pour lequel Vinicius sera suspendu \u00e0 la suite du carton rouge re\u00e7u dimanche.<\/p>\n\n\n\n<p>\u00ab\u00a0C&rsquo;est le bon moment pour prendre des mesures drastiques. Les institutions ont une opportunit\u00e9, maintenant, pour prendre des mesures drastiques sur ce sujet important. Cela peut \u00eatre une grande opportunit\u00e9 d&rsquo;am\u00e9liorer les choses rapidement\u00a0\u00bb, a insist\u00e9 le technicien italien.<\/p>\n\n\n\n<p>\u00ab\u00a0On verra ce qu&rsquo;il se passera. J&rsquo;en appelle ici \u00e0 la f\u00e9d\u00e9ration et \u00e0 la Liga, \u00e0 l&rsquo;intelligence des supporters de foot, et \u00e0 l&rsquo;\u00e9ducation, surtout\u00a0\u00bb, a-t-il appuy\u00e9.<\/p>\n\n\n\n<p>Selon lui, \u00ab\u00a0condamner, \u00e7a ne suffit plus\u00a0\u00bb. \u00ab\u00a0On a commenc\u00e9 \u00e0 le faire il y a longtemps, et rien n&rsquo;a chang\u00e9. Apr\u00e8s les condamnations, il faut agir. Et jusqu&rsquo;ici, personne n&rsquo;a agi\u00a0\u00bb.<\/p>\n\n\n\n<p>\u00ab\u00a0Carletto\u00a0\u00bb, qui avait exprim\u00e9 son courroux d\u00e8s la fin du match dimanche soir, a notamment critiqu\u00e9 le protocole antiraciste \u00ab\u00a0obsol\u00e8te\u00a0\u00bb de la Liga.<\/p>\n\n\n\n<p>\u00ab\u00a0Le protocole, ils auraient d\u00fb l&rsquo;appliquer deux heures avant le coup d&rsquo;envoi (du match \u00e0 Valence, NDLR), quand on est arriv\u00e9 au stade, parce que c&rsquo;est l\u00e0 que les insultes ont commenc\u00e9. Si tu le lances \u00e0 la 70e minute (comme l&rsquo;a fait l&rsquo;arbitre dimanche, NDLR), tu t&rsquo;es tromp\u00e9. Il est obsol\u00e8te, oui\u00a0\u00bb.<\/p>\n\n\n\n<p>D&rsquo;apr\u00e8s Ancelotti, \u00ab\u00a0l&rsquo;Espagne n&rsquo;est pas raciste, je voudrais corriger cela. Mais il y a du racisme en Espagne, comme dans d&rsquo;autres endroits, et cela doit cesser\u00a0\u00bb.<\/p>\n\n\n\n<p>De son c\u00f4t\u00e9, Vinicius, \u00ab\u00a0un peu triste\u00a0\u00bb selon son entra\u00eeneur, n&rsquo;a pas particip\u00e9 \u00e0 la s\u00e9ance collective de mardi matin \u00e0 Valdebebas car il a re\u00e7u \u00ab\u00a0un coup au genou\u00a0\u00bb.<\/p>\n\n\n\n<p>\u00ab\u00a0S&rsquo;il a deux matches de suspension, on lui donnera une semaine de repos. Si c&rsquo;est seulement un match, il commencera \u00e0 s&rsquo;entra\u00eener d\u00e8s demain (mercredi) pour \u00eatre \u00e0 S\u00e9ville\u00a0\u00bb samedi, a gliss\u00e9 Carlo Ancelotti, dans l&rsquo;attente de la d\u00e9cision de la commission de discipline de la f\u00e9d\u00e9ration.<\/p>\n","protected":false},"excerpt":{"rendered":"<p>L&rsquo;entra\u00eeneur du Real Madrid Carlo Ancelotti a exhort\u00e9 mardi les autorit\u00e9s comp\u00e9tentes en Espagne \u00e0 prendre \u00ab\u00a0des mesures drastiques\u00a0\u00bb contre<\/p>\n","protected":false},"author":1,"featured_media":12572,"comment_status":"open","ping_status":"open","sticky":false,"template":"","format":"standard","meta":{"footnotes":""},"categories":[9],"tags":[],"class_list":["post-12652","post","type-post","status-publish","format-standard","has-post-thumbnail","hentry","category-sports"],"_links":{"self":[{"href":"https:\/\/dekkbi.com\/index.php?rest_route=\/wp\/v2\/posts\/12652","targetHints":{"allow":["GET"]}}],"collection":[{"href":"https:\/\/dekkbi.com\/index.php?rest_route=\/wp\/v2\/posts"}],"about":[{"href":"https:\/\/dekkbi.com\/index.php?rest_route=\/wp\/v2\/types\/post"}],"author":[{"embeddable":true,"href":"https:\/\/dekkbi.com\/index.php?rest_route=\/wp\/v2\/users\/1"}],"replies":[{"embeddable":true,"href":"https:\/\/dekkbi.com\/index.php?rest_route=%2Fwp%2Fv2%2Fcomments&post=12652"}],"version-history":[{"count":1,"href":"https:\/\/dekkbi.com\/index.php?rest_route=\/wp\/v2\/posts\/12652\/revisions"}],"predecessor-version":[{"id":12653,"href":"https:\/\/dekkbi.com\/index.php?rest_route=\/wp\/v2\/posts\/12652\/revisions\/12653"}],"wp:featuredmedia":[{"embeddable":true,"href":"https:\/\/dekkbi.com\/index.php?rest_route=\/wp\/v2\/media\/12572"}],"wp:attachment":[{"href":"https:\/\/dekkbi.com\/index.php?rest_route=%2Fwp%2Fv2%2Fmedia&parent=12652"}],"wp:term":[{"taxonomy":"category","embeddable":true,"href":"https:\/\/dekkbi.com\/index.php?rest_route=%2Fwp%2Fv2%2Fcategories&post=12652"},{"taxonomy":"post_tag","embeddable":true,"href":"https:\/\/dekkbi.com\/index.php?rest_route=%2Fwp%2Fv2%2Ftags&post=12652"}],"curies":[{"name":"wp","href":"https:\/\/api.w.org\/{rel}","templated":true}]}}