{"id":12650,"date":"2023-05-23T13:05:51","date_gmt":"2023-05-23T13:05:51","guid":{"rendered":"https:\/\/dekkbi.com\/?p=12650"},"modified":"2023-05-23T22:23:15","modified_gmt":"2023-05-23T22:23:15","slug":"le-proces-pour-viols-contre-ousmane-sonko-reprend-sans-lui","status":"publish","type":"post","link":"https:\/\/dekkbi.com\/?p=12650","title":{"rendered":"Tout ce qu\u2019il faut savoir sur le proc\u00e8s Adji Sarr-Ousmane Sonko, apr\u00e8s une journ\u00e9e de d\u00e9bats"},"content":{"rendered":"\n<p>Adji Sarr a maintenu mardi devant un tribunal de Dakar ses accusations de viols contre l&rsquo;opposant Ousmane Sonko, d\u00e9lib\u00e9r\u00e9ment absent d&rsquo;un proc\u00e8s manipul\u00e9 selon lui par le pouvoir pour l&#8217;emp\u00eacher d&rsquo;\u00eatre candidat \u00e0 la pr\u00e9sidentielle en 2024.\u00a0\u00bbCinq fois\u00a0\u00bb, a r\u00e9pondu Adji Sarr au pr\u00e9sident de la chambre criminelle qui lui demandait \u00e0 combien de reprises M. Sonko aurait abus\u00e9 d&rsquo;elle dans le salon de beaut\u00e9 de la capitale o\u00f9 elle travaillait.Adji Sarr, en grande robe et coiffe rouge, a relat\u00e9 sans d\u00e9tour les actes que M. Sonko, affirme-t-elle, lui a impos\u00e9s entre fin d\u00e9cembre 2020 et d\u00e9but f\u00e9vrier 2021, jusqu&rsquo;\u00e0 ce qu&rsquo;elle d\u00e9pose une plainte qui a secou\u00e9 le monde politique.<\/p>\n\n\n\n<p>La jeune femme d&rsquo;un peu plus de 20 ans a aussi rapport\u00e9 les menaces de mort dont elle dit avoir fait l&rsquo;objet, autre chef d&rsquo;accusation retenu contre le pr\u00e9sident du parti Pastef-les Patriotes et troisi\u00e8me de la pr\u00e9sidentielle en 2019.\u00a0\u00bbIl a menac\u00e9 de me faire licencier si j&rsquo;en parlais ou de mettre \u00e0 mes trousses des jeunes pour me r\u00e9gler mon compte\u00a0\u00bb, a-t-elle dit. M. Sonko venait arm\u00e9 au salon Sweet Beaut\u00e9, a-t-elle d\u00e9clar\u00e9: \u00ab\u00a0J&rsquo;ai eu peur en voyant les armes avec lesquelles il mena\u00e7ait de me tuer\u00a0\u00bb<\/p>\n\n\n\n<p>M. Sonko, 48 ans, a reconnu \u00eatre all\u00e9 se faire masser pour apaiser des douleurs de dos chroniques. Mais il a toujours r\u00e9fut\u00e9 les accusations et cri\u00e9 au complot du pouvoir pour l&rsquo;\u00e9carter de la pr\u00e9sidentielle.Disant craindre pour sa s\u00e9curit\u00e9, il a annonc\u00e9 qu&rsquo;il ne r\u00e9pondrait plus aux convocations de la justice sans garantie de l&rsquo;Etat pour son int\u00e9grit\u00e9 physique<\/p>\n\n\n\n<p>M. Sonko est pr\u00e9sum\u00e9 \u00eatre rest\u00e9 \u00e0 Ziguinchor, ville dont il est le maire et o\u00f9 il s&rsquo;est retir\u00e9 il y a plusieurs jours, \u00e0 des centaines de kilom\u00e8tres de Dakar. Ses partisans montent une garde \u00e9troite autour de son domicile pour parer une \u00e9ventuelle tentative de l&rsquo;amener de force au tribunal.<\/p>\n\n\n\n<p>Ce proc\u00e8s retentissant est l&rsquo;\u00e9pilogue d&rsquo;un feuilleton qui tient le S\u00e9n\u00e9gal en haleine depuis plus de deux ans. L&rsquo;enjeu en est autant criminel que politique. L&rsquo;\u00e9ligibilit\u00e9 de M. Sonko et sa facult\u00e9 de concourir en 2024 en d\u00e9pendent.Les rendez-vous de M. Sonko avec la justice dans cette affaire et une autre de diffamation dans laquelle il vient d&rsquo;\u00eatre condamn\u00e9 et qui pourrait elle aussi le priver de ses droits \u00e9lectoraux ont r\u00e9guli\u00e8rement donn\u00e9 lieu \u00e0 des incidents et des affrontements.<\/p>\n\n\n\n<p>L&rsquo;activit\u00e9 a une fois de plus \u00e9t\u00e9 ralentie \u00e0 Dakar mardi, l&rsquo;\u00e9cole est suspendue jusqu&rsquo;\u00e0 jeudi matin \u00e0 Ziguinchor. Mais aucun trouble significatif n&rsquo;a \u00e9t\u00e9 rapport\u00e9.<\/p>\n\n\n\n<p>Le proc\u00e8s s&rsquo;\u00e9tait ouvert le 16 mai dans un contexte de heurts, et avait \u00e9t\u00e9 report\u00e9 au bout de quelques minutes. Dans un tribunal plac\u00e9 sous haute protection polici\u00e8re, il a fini par entrer dans le vif du sujet apr\u00e8s le rejet de nouvelles demandes de report, avec la lecture de l&rsquo;acte d&rsquo;accusation et l&rsquo;interrogatoire de la co-accus\u00e9e de M. Sonko, Nd\u00e8ye Khady Ndiaye<\/p>\n\n\n\n<p>La patronne de Sweet Beaut\u00e9 est accus\u00e9e d'\u00a0\u00bbincitation \u00e0 la d\u00e9bauche, complicit\u00e9 de viols et diffusion d&rsquo;images contraires aux bonnes m\u0153urs\u00a0\u00bb. Dans les toutes derni\u00e8res semaines de sa grossesse, elle a r\u00e9pondu assise aux questions de la cour, et a d\u00e9douan\u00e9 M. Sonko.<\/p>\n\n\n\n<p> \u00ab\u00a0La v\u00e9rit\u00e9 va jaillir\u00a0\u00bb\u00a0\u00bbAdji Sarr ne m&rsquo;a jamais parl\u00e9 de viol. Elle n&rsquo;en a jamais parl\u00e9 \u00e0 mon \u00e9poux\u00a0\u00bb, a-t-elle dit.Quand la gendarmerie l&rsquo;a appel\u00e9e au sujet de la plainte d&rsquo;Adji Sarr, elle a interrog\u00e9 les autres employ\u00e9es du salon: \u00ab\u00a0Toutes m&rsquo;ont dit n&rsquo;avoir jamais remarqu\u00e9 un comportement suspect de Sonko\u00a0\u00bb.<\/p>\n\n\n\n<p>La plainte d&rsquo;Adji Sarr a passag\u00e8rement mis la question du viol sur une place publique o\u00f9 elle est volontiers pass\u00e9e sous silence. Adji Sarr a \u00e9t\u00e9 attaqu\u00e9e et menac\u00e9e sur les r\u00e9seaux sociaux. Mais elle a toujours r\u00e9clam\u00e9 justice<\/p>\n\n\n\n<p>Son ancienne patronne a r\u00e9pondu aux questions seule, sans ses avocats.Ils avaient quitt\u00e9 la salle comme ceux de M. Sonko, indign\u00e9s de n&rsquo;avoir pas obtenu, pour des raisons distinctes, qu&rsquo;on ajourne l&rsquo;affaire<\/p>\n\n\n\n<p>\u00ab\u00a0C&rsquo;est le moment de la confrontation. La v\u00e9rit\u00e9 va jaillir. Le combat aura lieu\u00a0\u00bb, a dit le conseil de la plaignante, Me El Hadji Diouf. Il a qualifi\u00e9 M. Sonko de \u00ab\u00a0fuyard\u00a0\u00bb et de \u00ab\u00a0poltron\u00a0\u00bb.<\/p>\n\n\n\n<p>\u00ab\u00a0La justice s\u00e9n\u00e9galaise se saborde. Elle est d\u00e9cid\u00e9e \u00e0 livrer une commande\u00a0\u00bb pass\u00e9e par le pouvoir, a protest\u00e9 un des avocats de M. Sonko, Me Cir\u00e9 Cl\u00e9dor Ly hors de la salle.<\/p>\n\n\n\n<p>Le viol, criminalis\u00e9 depuis 2020, est passible de dix \u00e0 vingt ans de prison<\/p>\n\n\n\n<p>SOURCE SENEWEB <\/p>\n","protected":false},"excerpt":{"rendered":"<p>Adji Sarr a maintenu mardi devant un tribunal de Dakar ses accusations de viols contre l&rsquo;opposant Ousmane Sonko, d\u00e9lib\u00e9r\u00e9ment absent<\/p>\n","protected":false},"author":1,"featured_media":12200,"comment_status":"open","ping_status":"open","sticky":false,"template":"","format":"standard","meta":{"footnotes":""},"categories":[26],"tags":[],"class_list":["post-12650","post","type-post","status-publish","format-standard","has-post-thumbnail","hentry","category-fait-divers"],"_links":{"self":[{"href":"https:\/\/dekkbi.com\/index.php?rest_route=\/wp\/v2\/posts\/12650","targetHints":{"allow":["GET"]}}],"collection":[{"href":"https:\/\/dekkbi.com\/index.php?rest_route=\/wp\/v2\/posts"}],"about":[{"href":"https:\/\/dekkbi.com\/index.php?rest_route=\/wp\/v2\/types\/post"}],"author":[{"embeddable":true,"href":"https:\/\/dekkbi.com\/index.php?rest_route=\/wp\/v2\/users\/1"}],"replies":[{"embeddable":true,"href":"https:\/\/dekkbi.com\/index.php?rest_route=%2Fwp%2Fv2%2Fcomments&post=12650"}],"version-history":[{"count":3,"href":"https:\/\/dekkbi.com\/index.php?rest_route=\/wp\/v2\/posts\/12650\/revisions"}],"predecessor-version":[{"id":12663,"href":"https:\/\/dekkbi.com\/index.php?rest_route=\/wp\/v2\/posts\/12650\/revisions\/12663"}],"wp:featuredmedia":[{"embeddable":true,"href":"https:\/\/dekkbi.com\/index.php?rest_route=\/wp\/v2\/media\/12200"}],"wp:attachment":[{"href":"https:\/\/dekkbi.com\/index.php?rest_route=%2Fwp%2Fv2%2Fmedia&parent=12650"}],"wp:term":[{"taxonomy":"category","embeddable":true,"href":"https:\/\/dekkbi.com\/index.php?rest_route=%2Fwp%2Fv2%2Fcategories&post=12650"},{"taxonomy":"post_tag","embeddable":true,"href":"https:\/\/dekkbi.com\/index.php?rest_route=%2Fwp%2Fv2%2Ftags&post=12650"}],"curies":[{"name":"wp","href":"https:\/\/api.w.org\/{rel}","templated":true}]}}