{"id":12639,"date":"2023-05-23T12:57:12","date_gmt":"2023-05-23T12:57:12","guid":{"rendered":"https:\/\/dekkbi.com\/?p=12639"},"modified":"2023-05-23T12:57:13","modified_gmt":"2023-05-23T12:57:13","slug":"forces-francaises-au-sahel-lanti-barkhane","status":"publish","type":"post","link":"https:\/\/dekkbi.com\/?p=12639","title":{"rendered":"Forces fran\u00e7aises au Sahel: l&rsquo;anti-Barkhane?"},"content":{"rendered":"\n<p><strong>Pr\u00e8s d&rsquo;un an apr\u00e8s le d\u00e9part du Mali, Paris a recentr\u00e9 son dispositif militaire au Sahel au Niger, o\u00f9 1\u00a0500 soldats fran\u00e7ais y sont d\u00e9ploy\u00e9s.\u00a0L&rsquo;arm\u00e9e fran\u00e7aise a tourn\u00e9 la page de la force Barkhane, place d\u00e9sormais aux Forces fran\u00e7aises au Sahel.\u00a0Sur la base a\u00e9rienne projet\u00e9e de Niamey s&rsquo;\u00e9labore avec les forces arm\u00e9es nig\u00e9riennes un partenariat de combat r\u00e9nov\u00e9, une pr\u00e9sence qui se veut d\u00e9sormais l\u00e9g\u00e8re et modulable.<\/strong><\/p>\n\n\n\n<p><em>De notre envoy\u00e9 sp\u00e9cial de retour de Niamey,<\/em> RFI <\/p>\n\n\n\n<p>C\u2019est l\u2019illustration de cette nouvelle philosophie militaire&nbsp;: la semaine derni\u00e8re, les l\u00e9gionnaires parachutistes du 2e REP (R\u00e9giment \u00e9tranger parachutiste) de Calvi ont saut\u00e9 avec leurs camarades nig\u00e9riens dans le Liptako, le long d&rsquo;une fronti\u00e8re poreuse o\u00f9 s&rsquo;infiltre les katibas du groupe \u00c9tat islamique au Grand Sahara.<\/p>\n\n\n\n<p>Et avant que les 72 parachutistes n&#8217;embarquent dans l&rsquo;avion, l&rsquo;officier de la l\u00e9gion annonce la couleur\u00a0: \u00ab<em>\u00a0Pour vous aussi, les Forces arm\u00e9es nig\u00e9riennes, la mission, elle va \u00eatre dure\u00a0! Dure \u00e0 cause de l\u2019ennemi et de l\u2019environnement que l\u2019on ne conna\u00eet pas. Donc l\u00e0, on compte sur vous\u00a0! Donc, ce n&rsquo;est pas difficile, c\u2019est dur, mais pas difficile\u00a0!\u00a0<\/em>\u00bb<\/p>\n\n\n\n<h2 class=\"wp-block-heading\">Sous commandement de l&rsquo;arm\u00e9e nig\u00e9rienne<\/h2>\n\n\n\n<p>Une mission dure, mais pas difficile. \u00c0 quelques nuances pr\u00e8s, pr\u00e9cise un l\u00e9gionnaire&nbsp;: le saut se fait de nuit, avec du vent, \u00ab<em>&nbsp;on va sauter \u00e0 proximit\u00e9 d\u2019un poste militaire, sur une zone de saut qui fait trois kilom\u00e8tres de long. Donc l\u2019int\u00e9gralit\u00e9 du d\u00e9tachement va sauter en m\u00eame temps et ensuite on se r\u00e9articule au nord de la zone de saut, en mesure de s\u2019infiltrer jusqu\u2019\u00e0 l\u2019objectif qui est \u00e0 cinq kilom\u00e8tres.&nbsp;<\/em>\u00bb<em>&nbsp;<\/em>Pas de casse en touchant le sol, les paras ont repris une position longtemps abandonn\u00e9e et une semaine apr\u00e8s cette op\u00e9ration coup de poing, les l\u00e9gionnaires sont d\u00e9j\u00e0 de retour en France. Voil\u00e0 ce que l&rsquo;\u00e9tat-major des Arm\u00e9es appelle \u00ab&nbsp;l&rsquo;Afrique autrement&nbsp;\u00bb&nbsp;: l\u00e9g\u00e8ret\u00e9 et modularit\u00e9, soit tout l&rsquo;inverse de ce que fut l&rsquo;op\u00e9ration Barkhane.<\/p>\n\n\n\n<figure class=\"wp-block-image size-full\"><img loading=\"lazy\" decoding=\"async\" width=\"1\" height=\"1\" src=\"https:\/\/dekkbi.com\/wp-content\/uploads\/2023\/05\/image-30.gif\" alt=\"\" class=\"wp-image-12640\"\/><figcaption class=\"wp-element-caption\">Parachutistes du 2e REP de Calvi et parachutistes des Forces arm\u00e9es nig\u00e9riennes avant un saut op\u00e9rationnel dans le Liptako, en mai 2023.&nbsp;\u00a9 Franck Alexandre \/ RFI<\/figcaption><\/figure>\n\n\n\n<p>Les forces fran\u00e7aises au Sahel agissent sous le commandement de l&rsquo;arm\u00e9e nig\u00e9rienne, en appui \u00ab de&nbsp;\u00bb et non plus \u00ab \u00e0 la place \u00bb, se f\u00e9licite Kalla Moutari, ex-ministre nig\u00e9rien de la D\u00e9fense&nbsp;: \u00ab&nbsp;<em>Ils ne se pr\u00e9valent pas de faire \u00e0 notre place. Ils viennent en appui dans ce qui manque, \u00e0 nos propres forces. C&rsquo;est une v\u00e9ritable coop\u00e9ration qui s&rsquo;est install\u00e9e et c&rsquo;est le fruit de l&rsquo;exp\u00e9rience pass\u00e9e. Les Fran\u00e7ais nous apportent la formation, les Fran\u00e7ais nous apportent du mat\u00e9riel, nous devons mettre leur pr\u00e9sence \u00e0 profit pour acqu\u00e9rir les moyens de renseignements, pour utiliser au mieux la dimension a\u00e9rienne dont nous ne disposons pas et profiter aussi de leur pr\u00e9sence pour former nos forces sp\u00e9ciales. Voil\u00e0 pourquoi nous faisons appel aux Fran\u00e7ais, aux Am\u00e9ricains, \u00e0 d&rsquo;autres nationalit\u00e9s pour acc\u00e9l\u00e9rer la formation de ces unit\u00e9s, parce qu&rsquo;il en faut beaucoup. Notre pays est tr\u00e8s vaste, les fronti\u00e8res sont poreuses et partout, il y a des menaces.&nbsp;<\/em>\u00bb<\/p>\n\n\n\n<p>\u25ba \u00c0 lire aussi :<a href=\"https:\/\/www.rfi.fr\/fr\/afrique\/20230426-niger-coop%C3%A9ration-et-questions-s%C3%A9curitaires-au-programme-de-la-visite-de-deux-d%C3%A9put%C3%A9s-fran%C3%A7ais\">Niger: coop\u00e9ration et questions s\u00e9curitaires au programme de la visite de deux d\u00e9put\u00e9s fran\u00e7ais<\/a><\/p>\n\n\n\n<h2 class=\"wp-block-heading\">\u00ab D\u00e9barkhanisation des esprits \u00bb<\/h2>\n\n\n\n<p><strong>Newsletter<\/strong>Recevez toute l&rsquo;actualit\u00e9 internationale directement dans votre boite mail<a href=\"https:\/\/emailing.rfi.fr\/fr\/subscribe\" target=\"_blank\" rel=\"noreferrer noopener\">Je m&rsquo;abonne<\/a><\/p>\n\n\n\n<p>Un partenariat de combat revisit\u00e9, qui a n\u00e9cessit\u00e9 ce que les militaires nomment la \u00ab d\u00e9barkhanisation des esprits \u00bb.&nbsp;Ces dix derni\u00e8res ann\u00e9es, tous les r\u00e9giments ou presque ont \u00e9t\u00e9 d\u00e9ploy\u00e9s au Mali, sous commandement fran\u00e7ais,&nbsp;or aujourd&rsquo;hui&nbsp;&nbsp;<em>\u00ab&nbsp;<\/em><em>Il n&rsquo;y a plus d&rsquo;op\u00e9ration fran\u00e7aise au Sahel, il n&rsquo;y a que celles des Nig\u00e9riens<\/em><em>&nbsp;\u00bb,<\/em>&nbsp;mart\u00e8le le g\u00e9n\u00e9ral Bruno Baratz,&nbsp;commandant du contingent fran\u00e7ais.&nbsp;\u00ab<em>&nbsp;<\/em><em>On se met \u00e0 la disposition du partenaire<\/em>&nbsp;\u00bb<em>,<\/em>&nbsp;abonde le colonel Servent.<\/p>\n\n\n\n<p>Cet aviateur&nbsp;est&nbsp;\u00e0 la t\u00eate d&rsquo;un escadron de chasse et de drones, pilote la base a\u00e9rienne projet\u00e9 de Niamey&nbsp;:&nbsp;\u00ab&nbsp;<em>Exactement, on travaille aujourd&rsquo;hui avec les forces arm\u00e9es nig\u00e9riennes \u00e0 leur profit. En appuie de ce qu\u2019ils r\u00e9alisent sur le terrain avec nos forces arm\u00e9es \u00e0 nous. On a des militaires fran\u00e7ais qui travaillent tous les jours avec des militaires nig\u00e9riens de fa\u00e7on imbriqu\u00e9e, sous un m\u00eame commandement, un commandement nig\u00e9rien. Et cela pour suivre le plan de campagne nig\u00e9rien et r\u00e9aliser les op\u00e9rations que souhaitent les Nig\u00e9riens. Les moyens a\u00e9riens que l\u2019on met en \u0153uvre, ici, sur la base a\u00e9rienne appuient ces op\u00e9rations conjointes franco-nig\u00e9riennes.&nbsp;<\/em>\u00bb<\/p>\n\n\n\n<figure class=\"wp-block-image size-full\"><img loading=\"lazy\" decoding=\"async\" width=\"1\" height=\"1\" src=\"https:\/\/dekkbi.com\/wp-content\/uploads\/2023\/05\/image-30.gif\" alt=\"\" class=\"wp-image-12641\"\/><figcaption class=\"wp-element-caption\">Un drone Reaper arm\u00e9 de bombes de 250 kilos \u00ab Reaper \u00bb de l\u2019arm\u00e9e de l\u2019Air sur la base a\u00e9rienne projet\u00e9e de Niamey, en mai 2023.&nbsp;\u00a9 Franck Alexandre\/RFI<\/figcaption><\/figure>\n\n\n\n<p>\u25ba \u00c0 \u00e9couter aussi :<a href=\"https:\/\/www.rfi.fr\/fr\/afrique\/20221221-apr%C3%A8s-barkhane-quel-avenir-pour-la-pr%C3%A9sence-militaire-fran%C3%A7aise-en-afrique-de-l-ouest\">Apr\u00e8s Barkhane, quel avenir pour la pr\u00e9sence militaire fran\u00e7aise en Afrique de l&rsquo;Ouest?<\/a><\/p>\n\n\n\n<h2 class=\"wp-block-heading\">Un d\u00e9sengagement d&rsquo;ici \u00e0 deux ans ?<\/h2>\n\n\n\n<p>Pour y parvenir,&nbsp;il a fallu reformater les esprits des militaires, assure le&nbsp;lieutenant-colonel&nbsp;Fabien,&nbsp;adjoint du commandant de la base&nbsp;:&nbsp;<em>\u00ab&nbsp;On arrive \u00e0 un moment o\u00f9 ils veulent acc\u00e9l\u00e9rer dans leur mont\u00e9e en puissance et c&rsquo;est arriv\u00e9 en corr\u00e9lation avec notre retrait du Mali et le recentrage des activit\u00e9s fran\u00e7aises dans la r\u00e9gion. Pour pas faire comme au Mali, car je pense qu&rsquo;on a quand m\u00eame assez tir\u00e9 les cons\u00e9quences et la mani\u00e8re de faire l\u00e0-bas, aujourd&rsquo;hui, on a vraiment une politique, m\u00eame dans le type de construction, on ne veut pas reproduire un Gao qui est difficile \u00e0 d\u00e9sengager, tout ce qu&rsquo;on construit ici est fait dans une logique de pouvoir \u00eatre c\u00e9d\u00e9 au Niger \u00e0 l&rsquo;issue. On construit de fa\u00e7on \u00e0 ce qu\u2019ils puissent entretenir eux-m\u00eames les b\u00e2timents. Qu\u2019ils ne soient pas d\u00e9pendants, le jour o\u00f9 on s&rsquo;en ira, du personnel fran\u00e7ais qui va initialement l&rsquo;armer. Le personnel nig\u00e9rien sera apte \u00e0 l&rsquo;utiliser.&nbsp;\u00bb&nbsp;<\/em><\/p>\n\n\n\n<p>Et le jour du d\u00e9sengagement fran\u00e7ais n&rsquo;est peut-\u00eatre pas si \u00e9loign\u00e9. D&rsquo;ici \u00e0 deux ans, estime le g\u00e9n\u00e9ral Bruno Baratz. Les 50&nbsp;000 hommes des forces arm\u00e9es nig\u00e9riennes devraient \u00eatre suffisamment arm\u00e9s pour assurer, seuls, la s\u00e9curit\u00e9 et la stabilit\u00e9 au Niger.<\/p>\n","protected":false},"excerpt":{"rendered":"<p>Pr\u00e8s d&rsquo;un an apr\u00e8s le d\u00e9part du Mali, Paris a recentr\u00e9 son dispositif militaire au Sahel au Niger, o\u00f9 1\u00a0500<\/p>\n","protected":false},"author":1,"featured_media":12642,"comment_status":"open","ping_status":"open","sticky":false,"template":"","format":"standard","meta":{"footnotes":""},"categories":[51],"tags":[],"class_list":["post-12639","post","type-post","status-publish","format-standard","has-post-thumbnail","hentry","category-general"],"_links":{"self":[{"href":"https:\/\/dekkbi.com\/index.php?rest_route=\/wp\/v2\/posts\/12639","targetHints":{"allow":["GET"]}}],"collection":[{"href":"https:\/\/dekkbi.com\/index.php?rest_route=\/wp\/v2\/posts"}],"about":[{"href":"https:\/\/dekkbi.com\/index.php?rest_route=\/wp\/v2\/types\/post"}],"author":[{"embeddable":true,"href":"https:\/\/dekkbi.com\/index.php?rest_route=\/wp\/v2\/users\/1"}],"replies":[{"embeddable":true,"href":"https:\/\/dekkbi.com\/index.php?rest_route=%2Fwp%2Fv2%2Fcomments&post=12639"}],"version-history":[{"count":1,"href":"https:\/\/dekkbi.com\/index.php?rest_route=\/wp\/v2\/posts\/12639\/revisions"}],"predecessor-version":[{"id":12643,"href":"https:\/\/dekkbi.com\/index.php?rest_route=\/wp\/v2\/posts\/12639\/revisions\/12643"}],"wp:featuredmedia":[{"embeddable":true,"href":"https:\/\/dekkbi.com\/index.php?rest_route=\/wp\/v2\/media\/12642"}],"wp:attachment":[{"href":"https:\/\/dekkbi.com\/index.php?rest_route=%2Fwp%2Fv2%2Fmedia&parent=12639"}],"wp:term":[{"taxonomy":"category","embeddable":true,"href":"https:\/\/dekkbi.com\/index.php?rest_route=%2Fwp%2Fv2%2Fcategories&post=12639"},{"taxonomy":"post_tag","embeddable":true,"href":"https:\/\/dekkbi.com\/index.php?rest_route=%2Fwp%2Fv2%2Ftags&post=12639"}],"curies":[{"name":"wp","href":"https:\/\/api.w.org\/{rel}","templated":true}]}}