{"id":12636,"date":"2023-05-23T12:52:58","date_gmt":"2023-05-23T12:52:58","guid":{"rendered":"https:\/\/dekkbi.com\/?p=12636"},"modified":"2023-05-23T12:52:59","modified_gmt":"2023-05-23T12:52:59","slug":"la-france-favorable-a-un-proces-du-president-syrien-malgre-son-retour-sur-la-scene-internationale","status":"publish","type":"post","link":"https:\/\/dekkbi.com\/?p=12636","title":{"rendered":"La France favorable \u00e0 un proc\u00e8s du pr\u00e9sident syrien malgr\u00e9 son retour sur la sc\u00e8ne internationale"},"content":{"rendered":"\n<p><strong>Apr\u00e8s le retour de la Syrie au sein de la Ligue arabe ces derniers jours, la France affirme que sa position ne change pas vis-\u00e0-vis du pr\u00e9sident syrien Bachar el-Assad\u00a0: la ministre fran\u00e7aise des Affaires \u00e9trang\u00e8res Catherine Colonna l&rsquo;a affirm\u00e9 mardi 23 mai lors d&rsquo;une interview, se disant favorable \u00e0 un proc\u00e8s juridique du dirigeant syrien. Cela en raison des \u00ab\u00a0<\/strong><em>centaines de milliers de morts<\/em><strong>\u00a0\u00bb et \u00ab\u00a0<\/strong><em>l&rsquo;utilisation des armes chimiques<\/em><strong>\u00a0\u00bb par Damas durant la guerre civile d\u00e9clench\u00e9e en 2011.<\/strong><\/p>\n\n\n\n<p>Bachar el-Assad n&rsquo;est plus isol\u00e9 sur la sc\u00e8ne r\u00e9gionale\u00a0: on a vu le dirigeant syrien\u00a0<strong>accueilli au Sommet de la Ligue arabe \u00e0 Jeddah<\/strong>\u00a0lundi 15 mai. Un nouveau chapitre commence apr\u00e8s 12 ans de mise \u00e0 l&rsquo;\u00e9cart du r\u00e9gime de Damas pour cause de r\u00e9pression f\u00e9roce de son opposition.<\/p>\n\n\n\n<p>Mais quant aux autres pays, notamment occidentaux, est-ce que certains tent\u00e9s d&rsquo;assouplir eux aussi leur position ? La r\u00e9ponse de la France est claire, comme l\u2019a affirm\u00e9 mardi matin la cheffe de la diplomatie Catherine Colonna sur France 2&nbsp;:<\/p>\n\n\n\n<p>\u00ab<em>&nbsp;C&rsquo;est un dirigeant qui a \u00e9t\u00e9 depuis plus de dix ans l&rsquo;ennemi de son peuple. Je veux rappeler qu&rsquo;il y a eu des centaines de milliers de morts. Je pense que c&rsquo;est \u00e0 lui de changer, ce n&rsquo;est pas \u00e0 la France de changer son attitude, \u00e7a lui appartient de changer et de d\u00e9montrer qu&rsquo;il \u0153uvre d\u00e9sormais la conciliation au sein de son pays, et de bonnes relations avec les pays voisins.<\/em>&nbsp;\u00bb<\/p>\n\n\n\n<p>La ministre fran\u00e7aise des Affaires \u00e9trang\u00e8res se dit aussi favorable \u00e0 un proc\u00e8s de Bachar el-Assad au nom de\u00a0<strong>la lutte contre l&rsquo;impunit\u00e9<\/strong>. Catherine Colonna rappelle les attaques aux armes chimiques attribu\u00e9es au r\u00e9gime de Damas ces derni\u00e8res ann\u00e9es.<\/p>\n\n\n\n<p><\/p>\n\n\n\n<p>La position fran\u00e7aise reste ferme donc, mais d&rsquo;autres \u00e9volutions seront \u00e0 surveiller, notamment au sein de l&rsquo;Union europ\u00e9enne, ou de certains pays comme l&rsquo;Italie, tent\u00e9s par un rapprochement. Cela alors que la Syrie de Bachar el-Assad est toujours sous sanctions europ\u00e9ennes.<\/p>\n\n\n\n<p><\/p>\n\n\n\n<p>Cependant, selon Catherine Colonna, la lev\u00e9e des sanctions europ\u00e9ennes n&rsquo;\u00e9tait \u00ab&nbsp;<em>certainement pas<\/em>&nbsp;\u00bb \u00e0 l&rsquo;ordre du jour&nbsp;: \u00ab&nbsp;<em>Tant qu&rsquo;il ne change pas, tant qu&rsquo;il ne prend pas des engagements de r\u00e9conciliation, de lutte contre le terrorisme, de lutte contre la drogue, (&#8230;) qu&rsquo;il ne respecte pas ses engagements, il n&rsquo;y a pas de raison de changer d&rsquo;attitude \u00e0 son endroit<\/em>&nbsp;\u00bb, a-t-elle martel\u00e9.&nbsp;\u00ab&nbsp;<em>Je pense que c&rsquo;est \u00e0 lui \u00e0 changer, ce n&rsquo;est pas \u00e0 la France de changer son attitude<\/em>&nbsp;\u00bb, a-t-elle conclu.<\/p>\n\n\n\n<p>Il faut \u00e9galement s&rsquo;attendre \u00e0 des discussions d\u00e9licates avec les pays arabes qui se sont r\u00e9concili\u00e9s avec Damas\u00a0: l&rsquo;Arabie saoudite, les \u00c9mirats arabes unis, l&rsquo;\u00c9gypte, la Jordanie sont des partenaires importants de la France dans la r\u00e9gion et l&rsquo;on sait d\u00e9j\u00e0 qu&rsquo;ils plaident aupr\u00e8s des Occidentaux pour qu&rsquo;eux aussi assouplissent\u00a0<strong>leur position vis-\u00e0-vis du r\u00e9gime syrien<\/strong>.<\/p>\n","protected":false},"excerpt":{"rendered":"<p>Apr\u00e8s le retour de la Syrie au sein de la Ligue arabe ces derniers jours, la France affirme que sa<\/p>\n","protected":false},"author":1,"featured_media":12637,"comment_status":"open","ping_status":"open","sticky":false,"template":"","format":"standard","meta":{"footnotes":""},"categories":[51],"tags":[],"class_list":["post-12636","post","type-post","status-publish","format-standard","has-post-thumbnail","hentry","category-general"],"_links":{"self":[{"href":"https:\/\/dekkbi.com\/index.php?rest_route=\/wp\/v2\/posts\/12636","targetHints":{"allow":["GET"]}}],"collection":[{"href":"https:\/\/dekkbi.com\/index.php?rest_route=\/wp\/v2\/posts"}],"about":[{"href":"https:\/\/dekkbi.com\/index.php?rest_route=\/wp\/v2\/types\/post"}],"author":[{"embeddable":true,"href":"https:\/\/dekkbi.com\/index.php?rest_route=\/wp\/v2\/users\/1"}],"replies":[{"embeddable":true,"href":"https:\/\/dekkbi.com\/index.php?rest_route=%2Fwp%2Fv2%2Fcomments&post=12636"}],"version-history":[{"count":1,"href":"https:\/\/dekkbi.com\/index.php?rest_route=\/wp\/v2\/posts\/12636\/revisions"}],"predecessor-version":[{"id":12638,"href":"https:\/\/dekkbi.com\/index.php?rest_route=\/wp\/v2\/posts\/12636\/revisions\/12638"}],"wp:featuredmedia":[{"embeddable":true,"href":"https:\/\/dekkbi.com\/index.php?rest_route=\/wp\/v2\/media\/12637"}],"wp:attachment":[{"href":"https:\/\/dekkbi.com\/index.php?rest_route=%2Fwp%2Fv2%2Fmedia&parent=12636"}],"wp:term":[{"taxonomy":"category","embeddable":true,"href":"https:\/\/dekkbi.com\/index.php?rest_route=%2Fwp%2Fv2%2Fcategories&post=12636"},{"taxonomy":"post_tag","embeddable":true,"href":"https:\/\/dekkbi.com\/index.php?rest_route=%2Fwp%2Fv2%2Ftags&post=12636"}],"curies":[{"name":"wp","href":"https:\/\/api.w.org\/{rel}","templated":true}]}}