{"id":12633,"date":"2023-05-23T12:48:42","date_gmt":"2023-05-23T12:48:42","guid":{"rendered":"https:\/\/dekkbi.com\/?p=12633"},"modified":"2023-05-23T12:48:43","modified_gmt":"2023-05-23T12:48:43","slug":"manque-de-soutien-et-de-consideration-des-jeunes-de-lapr-thies-crient-leur-ras-le-bol-et-menacent-de-boycotter-les-activites-du-parti","status":"publish","type":"post","link":"https:\/\/dekkbi.com\/?p=12633","title":{"rendered":"Manque de soutien et de consid\u00e9ration: Des jeunes de l&rsquo;Apr Thi\u00e8s crient leur ras-le-bol et menacent de boycotter les activit\u00e9s du parti"},"content":{"rendered":"\n<p>Des jeunes de l\u2019Alliance Pour la r\u00e9publique (Apr) de Thi\u00e8s se retrouv\u00e9s hier \u00e0 la permanence d\u00e9partementale pour crier leur ras-le-bol. Ils ont d\u00e9nonc\u00e9 un manque de leadership au sein de l\u2019Apr, mais aussi de soutien \u00e0 leur endroit. C\u2019est ainsi qu\u2019ils ont menac\u00e9 de boycotter les activit\u00e9s du parti. Lors d\u2019un point de presse tenu \u00e0 la permanence de l\u2019Apr, la jeunesse r\u00e9publicaine de Thi\u00e8s a tap\u00e9 du poing sur la table hier, pour crier son ras-le-bol et menacer de boycotter d\u00e9sormais les activit\u00e9s du parti. Selon Ibrahima Ngom de Ngoudiane, porte-parole du jour, les jeunes ap\u00e9ristes sont laiss\u00e9s pour compte apr\u00e8s 12 ans d&rsquo;engagement, de militantisme et de loyaut\u00e9.<\/p>\n\n\n\n<p>A l\u2019en croire, la situation actuelle ne fait qu\u2019exacerber chaque jour davantage la frustration et un certain malaise dans les rangs de la formation marron-beige. En ce qui concerne sp\u00e9cifiquement les jeunes, il souligne qu\u2019ils manquent de tout. Il s\u2019agit notamment d\u2019emplois, de financements et de consid\u00e9ration. \u00abFaute de leadership dans la coordination et le management int\u00e9gr\u00e9 de toutes les couches du parti en g\u00e9n\u00e9ral et de la jeunesse en particulier, nous sommes en manque d&rsquo;opportunit\u00e9s. Hier comme aujourd\u2019hui, nous cherchons tous \u00e0 servir le pr\u00e9sident de la R\u00e9publique, \u00e0 accompagner la vision du S\u00e9n\u00e9gal \u00e9mergent. Malgr\u00e9 notre engagement et loyaut\u00e9, cela n\u00e9cessite un accompagnement et un soutien de la part des leaders de la localit\u00e9. Mais les portes sont souvent ferm\u00e9es\u00bb, a indiqu\u00e9 Ibrahima Ngom.<\/p>\n\n\n\n<p>A l\u2019en croire, \u00ables leaders passent tout leur temps \u00e0 snober les jeunes, les utiliser \u00e0 des fins \u00e9lectoralistes avant de les abandonner \u00e0 leur triste sort. Il est temps que nos dirigeants prennent conscience que nous avons besoin d&rsquo;une vraie chance de nous r\u00e9aliser\u00bb. Il estime que la jeunesse r\u00e9publicaine du d\u00e9partement de Thi\u00e8s a plus que jamais besoin de soutien, mais aussi de mentors, de personnes qui croient en elle, qui la guide dans ses choix, qui l\u2019encourage \u00e0 pers\u00e9v\u00e9rer. \u00abMais, il faut n\u00e9cessairement des structures d&rsquo;accompagnement solides, qui nous permettent de nous appuyer sur une communaut\u00e9 de jeunes partageant nos aspirations et nos d\u00e9fis. Nous sommes en manque de perspectives. Nous avons besoin d&rsquo;un horizon, d&rsquo;un but, d&rsquo;un sens \u00e0 notre avenir. Mais comment avoir des r\u00eaves quand nous sommes constamment confront\u00e9s \u00e0 une actualit\u00e9 noire, \u00e0 des crises de ch\u00f4mage et un sous-emploi qui nous semblent insurmontables ?Nous avons besoin de voir plus loin. Et cela suppose que nos leaders nous offrent une vision claire et motivante\u00bb, affirme Ibrahima Ngom.<\/p>\n\n\n\n<p>Par ailleurs, il souligne que la jeunesse r\u00e9publicaine de Thi\u00e8s est suffisamment mure, avec des id\u00e9es et des projets bien identifi\u00e9s, mais elle a besoin d\u2019\u00e9coute pour cr\u00e9er les conditions qui puissent lui permettre de contribuer \u00e0 la soci\u00e9t\u00e9, \u00e0 sa communaut\u00e9, \u00e0 l\u2019\u00e9conomie nationale. \u00abNous avons l&rsquo;impression que nos voix ne portent pas, que nous ne sommes pas entendus. Nous exigeons que nos opinions soient consid\u00e9r\u00e9es, que nos exp\u00e9riences soient prises en compte, que nous soyons impliqu\u00e9s dans les choix qui nous concernent. Nous sommes en manque de dignit\u00e9. Nous ne voulons pas \u00eatre des assist\u00e9s, des jeunes d\u00e9prim\u00e9s, des fain\u00e9ants. Nous voulons \u00eatre acteurs de notre vie, de notre pays, de notre parti. Mais cela suppose que l&rsquo;on nous donne une vraie place, que l&rsquo;on respecte nos droits, que l&rsquo;on reconnaisse notre valeur. Nous m\u00e9ritons mieux que ce que l&rsquo;on nous offre aujourd&rsquo;hui\u00bb, a d\u00e9clar\u00e9 Ibrahima Ngom. Last not but least, il a \u00e9mis le souhait que ces revendications ne restent pas lettre morte, et que leurs a\u00een\u00e9s entendent ce cri de c\u0153ur. Et d\u2019ajouter : \u00abNous sommes pr\u00eats \u00e0 nous battre pour notre avenir, mais nous avons besoin de votre soutien. Les jeunes sont l&rsquo;avenir, mais leur pr\u00e9sent doit \u00eatre pris en compte\u00bb.<br>L&rsquo;As<\/p>\n","protected":false},"excerpt":{"rendered":"<p>Des jeunes de l\u2019Alliance Pour la r\u00e9publique (Apr) de Thi\u00e8s se retrouv\u00e9s hier \u00e0 la permanence d\u00e9partementale pour crier leur<\/p>\n","protected":false},"author":1,"featured_media":12634,"comment_status":"open","ping_status":"open","sticky":false,"template":"","format":"standard","meta":{"footnotes":""},"categories":[26],"tags":[],"class_list":["post-12633","post","type-post","status-publish","format-standard","has-post-thumbnail","hentry","category-fait-divers"],"_links":{"self":[{"href":"https:\/\/dekkbi.com\/index.php?rest_route=\/wp\/v2\/posts\/12633","targetHints":{"allow":["GET"]}}],"collection":[{"href":"https:\/\/dekkbi.com\/index.php?rest_route=\/wp\/v2\/posts"}],"about":[{"href":"https:\/\/dekkbi.com\/index.php?rest_route=\/wp\/v2\/types\/post"}],"author":[{"embeddable":true,"href":"https:\/\/dekkbi.com\/index.php?rest_route=\/wp\/v2\/users\/1"}],"replies":[{"embeddable":true,"href":"https:\/\/dekkbi.com\/index.php?rest_route=%2Fwp%2Fv2%2Fcomments&post=12633"}],"version-history":[{"count":1,"href":"https:\/\/dekkbi.com\/index.php?rest_route=\/wp\/v2\/posts\/12633\/revisions"}],"predecessor-version":[{"id":12635,"href":"https:\/\/dekkbi.com\/index.php?rest_route=\/wp\/v2\/posts\/12633\/revisions\/12635"}],"wp:featuredmedia":[{"embeddable":true,"href":"https:\/\/dekkbi.com\/index.php?rest_route=\/wp\/v2\/media\/12634"}],"wp:attachment":[{"href":"https:\/\/dekkbi.com\/index.php?rest_route=%2Fwp%2Fv2%2Fmedia&parent=12633"}],"wp:term":[{"taxonomy":"category","embeddable":true,"href":"https:\/\/dekkbi.com\/index.php?rest_route=%2Fwp%2Fv2%2Fcategories&post=12633"},{"taxonomy":"post_tag","embeddable":true,"href":"https:\/\/dekkbi.com\/index.php?rest_route=%2Fwp%2Fv2%2Ftags&post=12633"}],"curies":[{"name":"wp","href":"https:\/\/api.w.org\/{rel}","templated":true}]}}