{"id":12619,"date":"2023-05-23T12:35:03","date_gmt":"2023-05-23T12:35:03","guid":{"rendered":"https:\/\/dekkbi.com\/?p=12619"},"modified":"2023-05-23T12:35:04","modified_gmt":"2023-05-23T12:35:04","slug":"guinee-face-aux-restrictions-la-presse-annonce-boycotter-la-junte","status":"publish","type":"post","link":"https:\/\/dekkbi.com\/?p=12619","title":{"rendered":"Guin\u00e9e : face aux restrictions, la presse annonce boycotter la junte"},"content":{"rendered":"\n<p><strong>(Africanews)- Les associations de presse guin\u00e9ennes ont annonc\u00e9 lundi boycotter toutes les activit\u00e9s des autorit\u00e9s domin\u00e9es par les militaires tant que la junte ne l\u00e8vera pas les restrictions impos\u00e9es \u00e0 la diffusion de l\u2019information, comme la limitation de l\u2019acc\u00e8s \u00e0 internet.<\/strong><\/p>\n\n\n\n<p>Les organisations repr\u00e9sentant t\u00e9l\u00e9visions, radios, journaux et sites d\u2019information priv\u00e9s ont par ailleurs d\u00e9clar\u00e9 le porte-parole du gouvernement et ministre des T\u00e9l\u00e9communications&nbsp;<strong>Ousmane Gaoual Diallo<\/strong>&nbsp;<em>\u00ab&nbsp;ennemi de la presse guin\u00e9enne&nbsp;\u00bb<\/em>.<\/p>\n\n\n\n<p>Dans un communiqu\u00e9, elles annoncent une&nbsp;<em>\u00ab&nbsp;journ\u00e9e sans presse mardi&nbsp;\u00bb<\/em>&nbsp;et une marche de protestation le 1er juin.<\/p>\n\n\n\n<p>Elles d\u00e9noncent la saisie la semaine pass\u00e9e des \u00e9metteurs de deux radios du groupe de presse&nbsp;<strong>Afric Vision<\/strong>, la restriction ou le blocage de l\u2019acc\u00e8s \u00e0 des sites d\u2019information et des r\u00e9seaux sociaux populaires, et des propos du porte-parole du gouvernement d\u00e9clarant que les autorit\u00e9s feraient fermer tout m\u00e9dia qui contribuerait&nbsp;<em>\u00ab&nbsp;\u00e0 saper l\u2019unit\u00e9 nationale&nbsp;\u00bb<\/em>&nbsp;ou&nbsp;<em>\u00ab&nbsp;\u00e0 soulever (les Guin\u00e9ens) les uns contre les autres&nbsp;\u00bb<\/em>.<\/p>\n\n\n\n<p>Ousmane Gaoual Diallo avait cependant d\u00e9menti toute implication des autorit\u00e9s dans les perturbations sur internet et dans l\u2019op\u00e9ration contre Afric Vision.<\/p>\n\n\n\n<p>Les internautes guin\u00e9ens se plaignent depuis la semaine pass\u00e9e de la difficult\u00e9 ou de l\u2019impossibilit\u00e9 d\u2019acc\u00e8s sans VPN \u00e0 des sites d\u2019information ou \u00e0 des r\u00e9seaux sociaux comme&nbsp;<strong>Facebook<\/strong>,&nbsp;<strong>WhatsApp<\/strong>,&nbsp;<strong>Instagram<\/strong>&nbsp;ou&nbsp;<strong>TikTok<\/strong>.<\/p>\n\n\n\n<p>Le d\u00e9but de ces difficult\u00e9s a co\u00efncid\u00e9 avec un nouvel appel \u00e0 manifester lanc\u00e9 par l\u2019opposition, dans un contexte de&nbsp;<strong>contestation politique<\/strong>&nbsp;tendue. L\u2019opposition a appel\u00e9 \u00e0 des marches mercredi et jeudi \u00e0 Conakry.<\/p>\n\n\n\n<p>La&nbsp;<strong>Guin\u00e9e<\/strong>&nbsp;est dirig\u00e9e depuis 2021 par une junte sous la conduite du&nbsp;<strong>colonel Doumbouya<\/strong>.<\/p>\n\n\n\n<p>Les militaires ont consenti sous pression internationale \u00e0 rendre la place \u00e0 des civils \u00e9lus d\u2019ici \u00e0 fin 2024, le temps de mener de profondes r\u00e9formes, disent-ils.<\/p>\n\n\n\n<p>La junte a fait arr\u00eater un certain nombre de dirigeants de l\u2019opposition et lanc\u00e9 des poursuites judiciaires contre d\u2019autres. Elle interdit toute manifestation depuis 2022.<\/p>\n\n\n\n<p>L\u2019opposition d\u00e9nonce la conduite autoritaire et exclusive du pays par la junte et r\u00e9clame un retour rapide des civils.<\/p>\n","protected":false},"excerpt":{"rendered":"<p>(Africanews)- Les associations de presse guin\u00e9ennes ont annonc\u00e9 lundi boycotter toutes les activit\u00e9s des autorit\u00e9s domin\u00e9es par les militaires tant<\/p>\n","protected":false},"author":1,"featured_media":12620,"comment_status":"open","ping_status":"open","sticky":false,"template":"","format":"standard","meta":{"footnotes":""},"categories":[26],"tags":[],"class_list":["post-12619","post","type-post","status-publish","format-standard","has-post-thumbnail","hentry","category-fait-divers"],"_links":{"self":[{"href":"https:\/\/dekkbi.com\/index.php?rest_route=\/wp\/v2\/posts\/12619","targetHints":{"allow":["GET"]}}],"collection":[{"href":"https:\/\/dekkbi.com\/index.php?rest_route=\/wp\/v2\/posts"}],"about":[{"href":"https:\/\/dekkbi.com\/index.php?rest_route=\/wp\/v2\/types\/post"}],"author":[{"embeddable":true,"href":"https:\/\/dekkbi.com\/index.php?rest_route=\/wp\/v2\/users\/1"}],"replies":[{"embeddable":true,"href":"https:\/\/dekkbi.com\/index.php?rest_route=%2Fwp%2Fv2%2Fcomments&post=12619"}],"version-history":[{"count":1,"href":"https:\/\/dekkbi.com\/index.php?rest_route=\/wp\/v2\/posts\/12619\/revisions"}],"predecessor-version":[{"id":12621,"href":"https:\/\/dekkbi.com\/index.php?rest_route=\/wp\/v2\/posts\/12619\/revisions\/12621"}],"wp:featuredmedia":[{"embeddable":true,"href":"https:\/\/dekkbi.com\/index.php?rest_route=\/wp\/v2\/media\/12620"}],"wp:attachment":[{"href":"https:\/\/dekkbi.com\/index.php?rest_route=%2Fwp%2Fv2%2Fmedia&parent=12619"}],"wp:term":[{"taxonomy":"category","embeddable":true,"href":"https:\/\/dekkbi.com\/index.php?rest_route=%2Fwp%2Fv2%2Fcategories&post=12619"},{"taxonomy":"post_tag","embeddable":true,"href":"https:\/\/dekkbi.com\/index.php?rest_route=%2Fwp%2Fv2%2Ftags&post=12619"}],"curies":[{"name":"wp","href":"https:\/\/api.w.org\/{rel}","templated":true}]}}