{"id":12612,"date":"2023-05-23T12:29:43","date_gmt":"2023-05-23T12:29:43","guid":{"rendered":"https:\/\/dekkbi.com\/?p=12612"},"modified":"2023-05-23T12:29:44","modified_gmt":"2023-05-23T12:29:44","slug":"salon-de-jeunesse-de-lemploi-et-de-la-mobilite-le-premier-ministre-parle-dun-sujet-a-la-fois-crucial-et-intemporel","status":"publish","type":"post","link":"https:\/\/dekkbi.com\/?p=12612","title":{"rendered":"Salon de Jeunesse, de l\u2019Emploi et de la Mobilit\u00e9: Le Premier Ministre parle d\u2019un sujet \u00e0 la fois crucial et intemporel"},"content":{"rendered":"\n<h3 class=\"wp-block-heading\">Le Premier ministre Amadou B\u00e2 a pr\u00e9sid\u00e9 ce lundi, la c\u00e9r\u00e9monie d\u2019ouverture de la 2e \u00e9dition du salon de la Jeunesse de l\u2019Emploi et de la Mobilit\u00e9 au Grand Th\u00e9\u00e2tre de Dakar. <\/h3>\n\n\n\n<h3 class=\"wp-block-heading\">Un salon qui s\u2019ouvre ce lundi 22 jusqu\u2019au 24 mai 2023, \u00e0 Dakar. Le th\u00e8me de cette 2e \u00e9dition est: \u00ab Jeunesse, emploi et mobilit\u00e9 \u00bb. D\u2019apr\u00e8s le Premier ministre, il s\u2019agit d\u2019un sujet \u00e0 la fois crucial et intemporel. La c\u00e9r\u00e9monie r\u00e9unit toute la jeunesse s\u00e9n\u00e9galaise. Elle a aussi, enregistr\u00e9 la pr\u00e9sence de hautes autorit\u00e9s, dont l\u2019Ambassadeur de l\u2019Allemagne au S\u00e9n\u00e9gal et le programme migration et d\u00e9veloppement.<\/h3>\n\n\n\n<figure class=\"wp-block-image\"><a href=\"javascript:void(0)\"><img decoding=\"async\" src=\"https:\/\/www.leral.net\/photo\/art\/default\/73009156-50808874.jpg?v=1684781230\" alt=\"Photos \/ Salon de Jeunesse, de l\u2019Emploi et de la Mobilit\u00e9: Le Premier Ministre parle d\u2019un sujet \u00e0 la fois crucial et intemporel\" title=\"Photos \/ Salon de Jeunesse, de l\u2019Emploi et de la Mobilit\u00e9: Le Premier Ministre parle d\u2019un sujet \u00e0 la fois crucial et intemporel\"\/><\/a><\/figure>\n\n\n\n<figure class=\"wp-block-image\"><a href=\"javascript:void(0)\"><img decoding=\"async\" src=\"https:\/\/www.leral.net\/photo\/art\/default\/73009156-50808897.jpg?v=1684781259\" alt=\"Photos \/ Salon de Jeunesse, de l\u2019Emploi et de la Mobilit\u00e9: Le Premier Ministre parle d\u2019un sujet \u00e0 la fois crucial et intemporel\" title=\"Photos \/ Salon de Jeunesse, de l\u2019Emploi et de la Mobilit\u00e9: Le Premier Ministre parle d\u2019un sujet \u00e0 la fois crucial et intemporel\"\/><\/a><\/figure>\n","protected":false},"excerpt":{"rendered":"<p>Le Premier ministre Amadou B\u00e2 a pr\u00e9sid\u00e9 ce lundi, la c\u00e9r\u00e9monie d\u2019ouverture de la 2e \u00e9dition du salon de la<\/p>\n","protected":false},"author":1,"featured_media":12613,"comment_status":"open","ping_status":"open","sticky":false,"template":"","format":"standard","meta":{"footnotes":""},"categories":[6],"tags":[],"class_list":["post-12612","post","type-post","status-publish","format-standard","has-post-thumbnail","hentry","category-politics"],"_links":{"self":[{"href":"https:\/\/dekkbi.com\/index.php?rest_route=\/wp\/v2\/posts\/12612","targetHints":{"allow":["GET"]}}],"collection":[{"href":"https:\/\/dekkbi.com\/index.php?rest_route=\/wp\/v2\/posts"}],"about":[{"href":"https:\/\/dekkbi.com\/index.php?rest_route=\/wp\/v2\/types\/post"}],"author":[{"embeddable":true,"href":"https:\/\/dekkbi.com\/index.php?rest_route=\/wp\/v2\/users\/1"}],"replies":[{"embeddable":true,"href":"https:\/\/dekkbi.com\/index.php?rest_route=%2Fwp%2Fv2%2Fcomments&post=12612"}],"version-history":[{"count":1,"href":"https:\/\/dekkbi.com\/index.php?rest_route=\/wp\/v2\/posts\/12612\/revisions"}],"predecessor-version":[{"id":12614,"href":"https:\/\/dekkbi.com\/index.php?rest_route=\/wp\/v2\/posts\/12612\/revisions\/12614"}],"wp:featuredmedia":[{"embeddable":true,"href":"https:\/\/dekkbi.com\/index.php?rest_route=\/wp\/v2\/media\/12613"}],"wp:attachment":[{"href":"https:\/\/dekkbi.com\/index.php?rest_route=%2Fwp%2Fv2%2Fmedia&parent=12612"}],"wp:term":[{"taxonomy":"category","embeddable":true,"href":"https:\/\/dekkbi.com\/index.php?rest_route=%2Fwp%2Fv2%2Fcategories&post=12612"},{"taxonomy":"post_tag","embeddable":true,"href":"https:\/\/dekkbi.com\/index.php?rest_route=%2Fwp%2Fv2%2Ftags&post=12612"}],"curies":[{"name":"wp","href":"https:\/\/api.w.org\/{rel}","templated":true}]}}