{"id":12571,"date":"2023-05-22T12:13:13","date_gmt":"2023-05-22T12:13:13","guid":{"rendered":"https:\/\/dekkbi.com\/?p=12571"},"modified":"2023-05-22T12:13:14","modified_gmt":"2023-05-22T12:13:14","slug":"victime-dinsultes-racistes-defendu-par-la-planete-foot-recadre-par-tebas-laffaire-vinicius-prend-de-lampleur","status":"publish","type":"post","link":"https:\/\/dekkbi.com\/?p=12571","title":{"rendered":"Victime d\u2019insultes racistes, d\u00e9fendu par la plan\u00e8te foot, recadr\u00e9 par Tebas: l\u2019affaire Vinicius prend de l\u2019ampleur"},"content":{"rendered":"\n<p>\u201cPenser \u00e0 faire sortir un joueur pour cause de racisme, \u00e7a ne m\u2019\u00e9tait jamais arriv\u00e9. Ce qui s\u2019est pass\u00e9 aujourd\u2019hui nous est d\u00e9j\u00e0 arriv\u00e9, mais de cette mani\u00e8re, non. C\u2019est inacceptable. La Liga espagnole a un probl\u00e8me avec le racisme. Et le probl\u00e8me, ce n\u2019est pas Vinicius. Vinicius est la victime. Mais il y a un probl\u00e8me tr\u00e8s grave\u201d, s\u2019est exclam\u00e9 l\u2019entra\u00eeneur italien devant la presse \u00e0 l\u2019issue du match disput\u00e9 dimanche soir \u00e0 Valence.<\/p>\n\n\n\n<p>Lors de cette rencontre perdue \u00e0 1 \u00e0 0 par le Real, le joueur br\u00e9silien a affirm\u00e9 avoir \u00e9t\u00e9 insult\u00e9 par le public. Autour de la 70e minute de jeu, Vinicius a point\u00e9 du doigt un supporter, puis les joueurs sont all\u00e9s rapporter les faits \u00e0 l\u2019arbitre. Carlo Ancelotti a de son c\u00f4t\u00e9 indiqu\u00e9 avoir entendu le cri \u201cmono\u201d, soit \u201csinge\u201d en espagnol, ce qui a amen\u00e9 l\u2019arbitre \u00e0 \u201couvrir le protocole racisme\u201d, selon l\u2019Italien.<\/p>\n\n\n\n<blockquote class=\"wp-block-quote is-layout-flow wp-block-quote-is-layout-flow\">\n<p><strong>S<\/strong>&nbsp;@14ucIs<img decoding=\"async\" src=\"https:\/\/statics.7sur7.be\/img\/icons\/twitter-bird-93b4d57f28.svg\"><\/p>\n\n\n\n<p><a href=\"https:\/\/twitter.com\/14ucIs\/statuses\/1660354309651931137\">Valencia fans chanting \u201cMono\u201d (monkey) towards Vinicius. This is La Liga &lt;a href=\u00a0\u00bbhttps:\/\/t.co\/prgxtPo7yS\u00a0\u00bb&gt;pic.twitter.com\/prgxtPo7yS&lt;\/a&gt;<\/a><\/p>\n<\/blockquote>\n\n\n\n<h2 class=\"wp-block-heading\">\u201cSinge, singe\u201d<\/h2>\n\n\n\n<p>\u201cJe lui ai demand\u00e9 (\u00e0 Vinicius, NDLR) s\u2019il voulait continuer \u00e0 jouer, et il voulait continuer. L\u2019arbitre m\u2019a dit qu\u2019il devait aussi continuer, qu\u2019il allait appliquer le protocole si cela se reproduisait. Mais cela s\u2019est reproduit, parce que quand il l\u2019a expuls\u00e9 sur carton rouge, tout le stade s\u2019est mis \u00e0 chanter \u201csinge, singe\u201d&#8230; Cela ne peut pas continuer&#8230; Je suis tr\u00e8s triste\u201d, a encore regrett\u00e9 Ancelotti.<\/p>\n\n\n\n<p>Une \u00e9chauffour\u00e9e entre l\u2019attaquant br\u00e9silien et Hugo Duro a en effet conduit \u00e0 l\u2019expulsion de \u201cVini\u201d \u00e0 la 90e+7, mais l\u2019arbitre a d\u00e9cid\u00e9 de ne pas sanctionner le joueur de Valence. \u201cCe qu\u2019ont gagn\u00e9 les racistes, c\u2019est mon expulsion. Ce n\u2019est pas du foot. C\u2019est la Liga\u201d, a d\u00e9nonc\u00e9 Vinicius sur Instagram apr\u00e8s le match.<\/p>\n\n\n\n<blockquote class=\"wp-block-quote is-layout-flow wp-block-quote-is-layout-flow\">\n<figure class=\"wp-block-image\"><img decoding=\"async\" src=\"https:\/\/statics.7sur7.be\/img\/icons\/article-quote-6f574e7dd1.svg\" alt=\"\"\/><\/figure>\n\n\n\n<p>Si Vini avait dit \u2018je quitte le terrain\u2019, je serais parti avec lui.Thibaut Courtois<\/p>\n<\/blockquote>\n\n\n\n<p>\u201cCe n\u2019\u00e9tait pas la premi\u00e8re fois, ni la deuxi\u00e8me ni la troisi\u00e8me. Le racisme est normal en Liga. (&#8230;) Je suis vraiment triste. Le championnat qui appartenait autrefois \u00e0 Ronaldinho, Ronaldo, Cristiano et Messi appartient aujourd\u2019hui aux racistes\u201d, a assen\u00e9 le jeune joueur. Les marques de soutien \u00e0 son \u00e9gard ont afflu\u00e9 dans le monde du football, et au-del\u00e0.<\/p>\n\n\n\n<p>\u201cSi Vini avait dit \u2018je quitte le terrain\u2019, je serais parti avec lui. C\u2019est quelque chose que l\u2019on ne peut pas tol\u00e9rer\u201d, a soulign\u00e9 le gardien belge du Real Madrid Thibaut Courtois, qui lui aussi a dit avoir entendu \u201cdes cris de singe autour de la 20e minute\u201d.<\/p>\n\n\n\n<h2 class=\"wp-block-heading\">Neymar, Mbapp\u00e9&#8230; et Lula<\/h2>\n\n\n\n<p>\u201cAvec toi\u201d, a de son c\u00f4t\u00e9 r\u00e9agi sur Instagram Neymar, son co\u00e9quipier avec la Sele\u00e7ao. Un autre international br\u00e9silien Richarlison, la l\u00e9gende \u00e0 la retraite Ronaldo ou encore l\u2019ic\u00f4ne de la musique Gilberto Gil ont aussi exprim\u00e9 sur les r\u00e9seaux sociaux leur solidarit\u00e9, tout comme l\u2019attaquant fran\u00e7ais, Kylian Mbapp\u00e9.<\/p>\n\n\n\n<p>\u201cTu n\u2019es pas seul. Nous sommes avec toi et te soutenons\u201d, a \u00e9crit en anglais la vedette du PSG sur son compte Instagram. Lors d\u2019une conf\u00e9rence de presse \u00e0 Hiroshima, au Japon, le pr\u00e9sident br\u00e9silien Luis Inazio Lula da Silva a lui-m\u00eame condamn\u00e9 le \u201cracisme\u201d dont \u00e9t\u00e9 victime le joueur. \u201cIl a \u00e9t\u00e9 attaqu\u00e9. On l\u2019a trait\u00e9 de singe\u201d. \u201cIl n\u2019est pas possible, en plein XXIe si\u00e8cle d\u2019avoir des pr\u00e9jug\u00e9s raciaux aussi forts dans autant de stades de football\u201d, a-t-il ajout\u00e9.<\/p>\n\n\n\n<p>Dans un communiqu\u00e9 diffus\u00e9 apr\u00e8s le match, le Valence CF a dit \u201ccondamner publiquement toute sorte d\u2019insulte, d\u2019attaque ou de m\u00e9pris\u201d, et \u201cregretter les faits survenus\u201d dimanche, en \u00e9voquant toutefois un \u201cacte isol\u00e9\u201d. \u201cLe club est en train d\u2019enqu\u00eater sur les faits qui se sont d\u00e9roul\u00e9s et prendra les mesures les plus s\u00e9v\u00e8res\u201d, a assur\u00e9 Valence.<\/p>\n\n\n\n<h2 class=\"wp-block-heading\">Tebas s\u2019en prend \u00e0&#8230; Vinicius<\/h2>\n\n\n\n<p>Seule voix dissonante -et pas n\u2019importe laquelle: celle du patron de la Liga, Javier Tebas, qui a mal pris les accusations du Br\u00e9silien et s\u2019est lanc\u00e9 dans une passe d\u2019armes avec lui sur les r\u00e9seaux sociaux. \u201cAvant de critiquer et d\u2019insulter la Liga, il serait n\u00e9cessaire que vous vous informiez correctement\u201d, a-t-il cingl\u00e9, en r\u00e9futant toute inaction de son instance.<\/p>\n\n\n\n<p>\u201cJe ne suis pas votre ami pour parler de racisme. Je veux des actions et des sanctions\u201d, lui a r\u00e9pondu Vinicius. \u201cIl y a d\u00e9j\u00e0 eu des plaintes, mais qu\u2019est-ce que \u00e7a a donn\u00e9? Rien du tout. La seule et unique solution, c\u2019est d\u2019arr\u00eater le match\u201d, avait pour sa part conclu Ancelotti lors de sa conf\u00e9rence de presse d\u2019apr\u00e8s-match.<\/p>\n\n\n\n<blockquote class=\"wp-block-quote is-layout-flow wp-block-quote-is-layout-flow\">\n<p><strong>Javier Tebas Medrano<\/strong>&nbsp;@Tebasjavier<img decoding=\"async\" src=\"https:\/\/statics.7sur7.be\/img\/icons\/twitter-bird-93b4d57f28.svg\"><\/p>\n\n\n\n<p><a href=\"https:\/\/twitter.com\/Tebasjavier\/statuses\/1660393419963809793\">Ya que los que deber\u00edan no te explican qu\u00e9 es y qu\u00e9 puede hacer &lt;a href=\u00a0\u00bbhttps:\/\/twitter.com\/LaLiga?ref_src=twsrc%5Etfw\u00a0\u00bb&gt;@LaLiga&lt;\/a&gt; en los casos de racismo, hemos intentado explic\u00e1rtelo nosotros, pero no te has presentado a ninguna de las dos fechas acordadas que t\u00fa mismo solicitaste. Antes de criticar e injuriar a &lt;a href=\u00a0\u00bbhttps:\/\/twitter.com\/LaLiga?ref_src=twsrc%5Etfw\u00a0\u00bb&gt;@LaLiga&lt;\/a&gt;, es necesario\u2026 &lt;a href=\u00a0\u00bbhttps:\/\/t.co\/pLCIx1b6hS\u00a0\u00bb&gt;https:\/\/t.co\/pLCIx1b6hS&lt;\/a&gt; &lt;a href=\u00a0\u00bbhttps:\/\/t.co\/eHvdd3vJcb\u00a0\u00bb&gt;pic.twitter.com\/eHvdd3vJcb&lt;\/a&gt;<\/a><\/p>\n<\/blockquote>\n\n\n\n<h2 class=\"wp-block-heading\">Le Real Madrid d\u00e9pose plainte<\/h2>\n\n\n\n<p>Le Real Madrid va d\u00e9poser plainte aupr\u00e8s du bureau du procureur contre les d\u00e9lits de haine et la discrimination. \u201cLe Real Madrid exprime sa plus ferme et \u00e9nergique condamnation des \u00e9v\u00e9nements qui se sont tenus hier \u00e0 l\u2019encontre de notre joueur Vinicius Junior. Ces faits constituent une attaque directe contre le mod\u00e8le de coexistence de notre \u00c9tat de droit social et d\u00e9mocratique\u201d, a \u00e9crit le Real dans un communiqu\u00e9.<\/p>\n\n\n\n<p>Le club madril\u00e8ne ne compte cependant pas rester les bras crois\u00e9s et va d\u00e9poser plainte aupr\u00e8s du bureau du procureur contre les d\u00e9lits de haine et la discrimination. \u201cLe Real Madrid consid\u00e8re que de telles attaques constituent \u00e9galement un crime de haine et a donc d\u00e9pos\u00e9 la plainte correspondante aupr\u00e8s du bureau du procureur g\u00e9n\u00e9ral de l\u2019\u00e9tat, plus pr\u00e9cis\u00e9ment aupr\u00e8s du bureau du procureur contre les d\u00e9lits de haine et de discrimination, afin que ces faits puissent \u00eatre l\u2019objet d\u2019une enqu\u00eate et que les responsabilit\u00e9s puissent \u00eatre \u00e9tablies.<\/p>\n\n\n\n<p>Le Real Madrid rappelle que \u201cl\u2019article 124 de la Constitution espagnole \u00e9tablit que les fonctions du minist\u00e8re public sont de promouvoir l\u2019action de la justice dans la d\u00e9fense de la l\u00e9galit\u00e9, des droits des citoyens et de l\u2019int\u00e9r\u00eat public\u201d et que \u201cface \u00e0 la gravit\u00e9 des faits qui se sont produits, le Real Madrid s\u2019est adress\u00e9 au minist\u00e8re public de l\u2019\u00c9tat, sans pr\u00e9judice de comparution en tant qu\u2019accusateur priv\u00e9 dans la proc\u00e9dure \u00e0 engager\u201d.<\/p>\n","protected":false},"excerpt":{"rendered":"<p>\u201cPenser \u00e0 faire sortir un joueur pour cause de racisme, \u00e7a ne m\u2019\u00e9tait jamais arriv\u00e9. Ce qui s\u2019est pass\u00e9 aujourd\u2019hui<\/p>\n","protected":false},"author":1,"featured_media":12572,"comment_status":"open","ping_status":"open","sticky":false,"template":"","format":"standard","meta":{"footnotes":""},"categories":[9],"tags":[],"class_list":["post-12571","post","type-post","status-publish","format-standard","has-post-thumbnail","hentry","category-sports"],"_links":{"self":[{"href":"https:\/\/dekkbi.com\/index.php?rest_route=\/wp\/v2\/posts\/12571","targetHints":{"allow":["GET"]}}],"collection":[{"href":"https:\/\/dekkbi.com\/index.php?rest_route=\/wp\/v2\/posts"}],"about":[{"href":"https:\/\/dekkbi.com\/index.php?rest_route=\/wp\/v2\/types\/post"}],"author":[{"embeddable":true,"href":"https:\/\/dekkbi.com\/index.php?rest_route=\/wp\/v2\/users\/1"}],"replies":[{"embeddable":true,"href":"https:\/\/dekkbi.com\/index.php?rest_route=%2Fwp%2Fv2%2Fcomments&post=12571"}],"version-history":[{"count":1,"href":"https:\/\/dekkbi.com\/index.php?rest_route=\/wp\/v2\/posts\/12571\/revisions"}],"predecessor-version":[{"id":12573,"href":"https:\/\/dekkbi.com\/index.php?rest_route=\/wp\/v2\/posts\/12571\/revisions\/12573"}],"wp:featuredmedia":[{"embeddable":true,"href":"https:\/\/dekkbi.com\/index.php?rest_route=\/wp\/v2\/media\/12572"}],"wp:attachment":[{"href":"https:\/\/dekkbi.com\/index.php?rest_route=%2Fwp%2Fv2%2Fmedia&parent=12571"}],"wp:term":[{"taxonomy":"category","embeddable":true,"href":"https:\/\/dekkbi.com\/index.php?rest_route=%2Fwp%2Fv2%2Fcategories&post=12571"},{"taxonomy":"post_tag","embeddable":true,"href":"https:\/\/dekkbi.com\/index.php?rest_route=%2Fwp%2Fv2%2Ftags&post=12571"}],"curies":[{"name":"wp","href":"https:\/\/api.w.org\/{rel}","templated":true}]}}