{"id":12566,"date":"2023-05-22T12:04:41","date_gmt":"2023-05-22T12:04:41","guid":{"rendered":"https:\/\/dekkbi.com\/?p=12566"},"modified":"2023-05-22T12:07:43","modified_gmt":"2023-05-22T12:07:43","slug":"covid-19-le-test-pcr-nest-plus-recommande-pour-la-population-generale","status":"publish","type":"post","link":"https:\/\/dekkbi.com\/?p=12566","title":{"rendered":"SANTE &#8211; Covid-19: le test PCR n\u2019est plus recommand\u00e9 pour la population g\u00e9n\u00e9rale"},"content":{"rendered":"\n<p>La Conf\u00e9rence Interminist\u00e9rielle de Sant\u00e9 Publique (CIM), a d\u00e9cid\u00e9 lundi la fin de la recommandation des tests PCR et RAT pour la population g\u00e9n\u00e9rale, les patients asymptomatiques ou les r\u00e9sidents des \u00e9tablissements de soins, vu l\u2019\u00e9volution favorable de la pand\u00e9mie de Covid-19, notamment en termes d\u2019infections et d\u2019hospitalisations. Ces nouvelles mesures seront d\u2019application d\u00e8s ce mardi.<\/p>\n\n\n\n<p>Les diff\u00e9rents ministres r\u00e9unis au sein de la CIM Sant\u00e9 Publique ont d\u00e9cid\u00e9, sur la base de l\u2019avis scientifique du Risk Assessment Group (RAG), qu\u2019un test PCR ou RAT sera seulement recommand\u00e9 pour des patients symptomatiques et selon plusieurs facteurs (l\u2019\u00e9tat de sant\u00e9 du patient, l\u2019\u00e2ge, le degr\u00e9 d\u2019immunod\u00e9pression ou de d\u00e9ficience&#8230;). Les conditions exactes de cette strat\u00e9gie de testing seront pr\u00e9cis\u00e9es au plus tard le 1er juin 2023, apr\u00e8s discussions au sein du Risk Management Group. Les autotests, pour leur part, restent disponibles, pr\u00e9cise la CIM.<\/p>\n\n\n\n<p>Ces nouvelles mesures entreront en vigueur d\u00e8s la publication mardi de la mise \u00e0 jour des recommandations sur le site de l\u2019agence f\u00e9d\u00e9rale de sant\u00e9 publique Sciensano.<\/p>\n\n\n\n<p>Les ministres au sein de la CIM pr\u00e9cisent que cette strat\u00e9gie de testing pourra \u00eatre adapt\u00e9e si la situation \u00e9pid\u00e9miologique se d\u00e9grade et qu\u2019un nouveau variant fait son apparition.<\/p>\n","protected":false},"excerpt":{"rendered":"<p>La Conf\u00e9rence Interminist\u00e9rielle de Sant\u00e9 Publique (CIM), a d\u00e9cid\u00e9 lundi la fin de la recommandation des tests PCR et RAT<\/p>\n","protected":false},"author":1,"featured_media":4086,"comment_status":"open","ping_status":"open","sticky":false,"template":"","format":"standard","meta":{"footnotes":""},"categories":[51],"tags":[],"class_list":["post-12566","post","type-post","status-publish","format-standard","has-post-thumbnail","hentry","category-general"],"_links":{"self":[{"href":"https:\/\/dekkbi.com\/index.php?rest_route=\/wp\/v2\/posts\/12566","targetHints":{"allow":["GET"]}}],"collection":[{"href":"https:\/\/dekkbi.com\/index.php?rest_route=\/wp\/v2\/posts"}],"about":[{"href":"https:\/\/dekkbi.com\/index.php?rest_route=\/wp\/v2\/types\/post"}],"author":[{"embeddable":true,"href":"https:\/\/dekkbi.com\/index.php?rest_route=\/wp\/v2\/users\/1"}],"replies":[{"embeddable":true,"href":"https:\/\/dekkbi.com\/index.php?rest_route=%2Fwp%2Fv2%2Fcomments&post=12566"}],"version-history":[{"count":2,"href":"https:\/\/dekkbi.com\/index.php?rest_route=\/wp\/v2\/posts\/12566\/revisions"}],"predecessor-version":[{"id":12569,"href":"https:\/\/dekkbi.com\/index.php?rest_route=\/wp\/v2\/posts\/12566\/revisions\/12569"}],"wp:featuredmedia":[{"embeddable":true,"href":"https:\/\/dekkbi.com\/index.php?rest_route=\/wp\/v2\/media\/4086"}],"wp:attachment":[{"href":"https:\/\/dekkbi.com\/index.php?rest_route=%2Fwp%2Fv2%2Fmedia&parent=12566"}],"wp:term":[{"taxonomy":"category","embeddable":true,"href":"https:\/\/dekkbi.com\/index.php?rest_route=%2Fwp%2Fv2%2Fcategories&post=12566"},{"taxonomy":"post_tag","embeddable":true,"href":"https:\/\/dekkbi.com\/index.php?rest_route=%2Fwp%2Fv2%2Ftags&post=12566"}],"curies":[{"name":"wp","href":"https:\/\/api.w.org\/{rel}","templated":true}]}}