{"id":12525,"date":"2023-05-22T10:04:08","date_gmt":"2023-05-22T10:04:08","guid":{"rendered":"https:\/\/dekkbi.com\/?p=12525"},"modified":"2023-05-22T10:04:09","modified_gmt":"2023-05-22T10:04:09","slug":"benoit-sambou-je-nai-pas-eu-vent-dune-volonte-ou-dune-tentative-darrestation-de-sonko","status":"publish","type":"post","link":"https:\/\/dekkbi.com\/?p=12525","title":{"rendered":"Benoit Sambou: \u00ab\u00a0Je n\u2019ai pas eu vent d\u2019une volont\u00e9 ou d\u2019une tentative d\u2019arrestation de Sonko\u00a0\u00bb"},"content":{"rendered":"\n<p>iGFM &#8211; (Dakar) Ministre d\u2019Etat, pr\u00e9sident de la Commission nationale du Dialogue des Territoires, Benoit Sambou \u00e9tait l\u2019invit\u00e9 du \u00abGrand jury\u00bb de ce dimanche. Il s\u2019est exprim\u00e9 sur la question du dialogue, sur une \u00e9ventuelle troisi\u00e8me candidature du pr\u00e9sident Macky Sall &nbsp;et sur l\u2019actualit\u00e9 li\u00e9e \u00e0 Ousmane Sonko. Ci-dessous les extraits saillants.<\/p>\n\n\n\n<p><strong>Arrestation \u00e9ventuelle de Sonko<\/strong><br><br>\u00abJe n\u2019ai pas eu vent, moi, d\u2019une volont\u00e9 ou d\u2019une tentative d\u2019arrestation de Monsieur Ousmane Sonko. Je ne comprends pas pourquoi aujourd\u2019hui ses partisans s\u2019organisent autour de son domicile pour bloquer les voies d\u2019acc\u00e8s, surtout que son domicile se trouve sur une voie strat\u00e9gique.\u00bb<\/p>\n\n\n\n<p>\u00abIl est clair que, quand un homme politique au S\u00e9n\u00e9gal ou dans le monde, est &nbsp;confront\u00e9 \u00e0 une situation difficile, que ses adversaires veuillent en tirer profit. C\u2019est logique, nous sommes en politique. Maintenant c\u2019est une attitude bien politicienne que quand un acteur politique a un probl\u00e8me judiciaire, qu\u2019il dise que l\u2019Etat tente de lui mettre les b\u00e2tons dans les roues.\u00bb<\/p>\n\n\n\n<p><strong>Les Tdr du dialogue<\/strong><\/p>\n\n\n\n<p>\u00abCe dialogue va tourner principalement autour de la r\u00e9habilitation politique de certains hommes qui ont maille \u00e0 partir. Avec la Justice notamment les cas Khalifa Sall et peut \u00eatre le cas Karim Wade etc voir comment r\u00e9ger les pr\u00e9occupations que ces himmes politiques ont pour participer aux \u00e9lections. Mais aussi voir des question &nbsp;notamment &nbsp;le parrainage. Mais, ca ne devrait pas aller plus loin que ces questions parce que la pupart des questions ont \u00e9t\u00e9 vid\u00e9es au dialogue en mai 2019.\u00bb<br><br><strong>La question du 3e mandat au dialogue ?<\/strong><\/p>\n\n\n\n<p>\u00abIl ne saurait y avoir une place pour discuter de la l\u00e9gitimit\u00e9 ou de la volont\u00e9 probable ou improbable du pr\u00e9sident Macky Sall de vouloir se pr\u00e9senter. C\u2019est un lire choix. Ce qui est constant, c\u2019est que la loi, la constitution, la jurisprudence en la mati\u00e8re lui offrent toutes les garanties pour qu\u2019il puisse pr\u00e9senter sa candidature. C\u2019est un choix personnel. Donc \u00e7a ne pourrait \u00eatre l\u2019objet d\u2019une discussion au dialogue.\u00bb<\/p>\n","protected":false},"excerpt":{"rendered":"<p>iGFM &#8211; (Dakar) Ministre d\u2019Etat, pr\u00e9sident de la Commission nationale du Dialogue des Territoires, Benoit Sambou \u00e9tait l\u2019invit\u00e9 du \u00abGrand<\/p>\n","protected":false},"author":1,"featured_media":12526,"comment_status":"open","ping_status":"open","sticky":false,"template":"","format":"standard","meta":{"footnotes":""},"categories":[26],"tags":[],"class_list":["post-12525","post","type-post","status-publish","format-standard","has-post-thumbnail","hentry","category-fait-divers"],"_links":{"self":[{"href":"https:\/\/dekkbi.com\/index.php?rest_route=\/wp\/v2\/posts\/12525","targetHints":{"allow":["GET"]}}],"collection":[{"href":"https:\/\/dekkbi.com\/index.php?rest_route=\/wp\/v2\/posts"}],"about":[{"href":"https:\/\/dekkbi.com\/index.php?rest_route=\/wp\/v2\/types\/post"}],"author":[{"embeddable":true,"href":"https:\/\/dekkbi.com\/index.php?rest_route=\/wp\/v2\/users\/1"}],"replies":[{"embeddable":true,"href":"https:\/\/dekkbi.com\/index.php?rest_route=%2Fwp%2Fv2%2Fcomments&post=12525"}],"version-history":[{"count":1,"href":"https:\/\/dekkbi.com\/index.php?rest_route=\/wp\/v2\/posts\/12525\/revisions"}],"predecessor-version":[{"id":12527,"href":"https:\/\/dekkbi.com\/index.php?rest_route=\/wp\/v2\/posts\/12525\/revisions\/12527"}],"wp:featuredmedia":[{"embeddable":true,"href":"https:\/\/dekkbi.com\/index.php?rest_route=\/wp\/v2\/media\/12526"}],"wp:attachment":[{"href":"https:\/\/dekkbi.com\/index.php?rest_route=%2Fwp%2Fv2%2Fmedia&parent=12525"}],"wp:term":[{"taxonomy":"category","embeddable":true,"href":"https:\/\/dekkbi.com\/index.php?rest_route=%2Fwp%2Fv2%2Fcategories&post=12525"},{"taxonomy":"post_tag","embeddable":true,"href":"https:\/\/dekkbi.com\/index.php?rest_route=%2Fwp%2Fv2%2Ftags&post=12525"}],"curies":[{"name":"wp","href":"https:\/\/api.w.org\/{rel}","templated":true}]}}