{"id":12516,"date":"2023-05-22T09:20:19","date_gmt":"2023-05-22T09:20:19","guid":{"rendered":"https:\/\/dekkbi.com\/?p=12516"},"modified":"2023-05-22T09:20:20","modified_gmt":"2023-05-22T09:20:20","slug":"dissensions-a-lunccias-mauvais-commerce-a-la-chambre","status":"publish","type":"post","link":"https:\/\/dekkbi.com\/?p=12516","title":{"rendered":"Dissensions \u00e0 l\u2019Unccias : Mauvais commerce \u00e0 la chambre"},"content":{"rendered":"\n<p><strong>Le bureau de l\u2019Unccias, dirig\u00e9 par le pr\u00e9sident Serigne Mboup, a d\u00e9jou\u00e9 les man\u0153uvres de Abdoulaye Sow, pr\u00e9sident de la Cciad. Ce dernier a voulu profiter d\u2019une Ag extraordinaire de l\u2019Unccias pour renverser le bureau en place. Faute de majorit\u00e9, il s\u2019est retir\u00e9 avec ses soutiens dans un h\u00f4tel pour, sans la pr\u00e9sence des repr\u00e9sentants du minist\u00e8re, mettre en place un bureau parall\u00e8le. Serigne Mboup demande au ministre du Commerce de prendre ses responsabilit\u00e9s pour remettre de l\u2019ordre.<\/strong><\/p>\n\n\n\n<p><strong>Par Khady SONKO et Dialigu\u00e9 FAYE \u2013&nbsp;<\/strong>Le conflit opposant le pr\u00e9sident de l\u2019Union nationale des chambres de commerce, d\u2019industrie et d\u2019agriculture du S\u00e9n\u00e9gal (Unccias), Serigne Mboup, au bureau de la Chambre de commerce, d\u2019industrie et d\u2019agriculture de Dakar (Cciad), dirig\u00e9 par Abdoulaye Sow, qui a abouti \u00e0 la paralysie des chambres de commerce du S\u00e9n\u00e9gal, a \u00e9clat\u00e9 hier au grand jour, et face aux repr\u00e9sentants de l\u2019autorit\u00e9 de tutelle. En effet, selon la version de Serigne Mboup, l\u2019Assembl\u00e9e g\u00e9n\u00e9rale de l\u2019Union nationale des chambres de commerce, d\u2019industrie et d\u2019agriculture du S\u00e9n\u00e9gal (Unccias) a remis \u00e0 l\u2019ordre les pr\u00e9sidents dissidents en mettant en application des dispositions du d\u00e9cret 2002.516 du 16 mai 2002, notamment en ses articles 4 et 5.<\/p>\n\n\n\n<p>C\u2019\u00e9tait une mani\u00e8re, pour le bureau de l\u2019Unccias, de r\u00e9pondre \u00e0 ce qu\u2019ils ont appel\u00e9 le \u00abforcing\u00bb du pr\u00e9sident de la Chambre de commerce de Dakar, Abdoulaye Sow, et en pr\u00e9sence du repr\u00e9sentant du ministre du Commerce, de la consommation et des Pme.<\/p>\n\n\n\n<p>\u00abAucun poste du bureau n\u2019\u00e9tant vacant, l\u2019Assembl\u00e9e g\u00e9n\u00e9rale a pris la r\u00e9solution de rejeter le projet d\u2019ordre du jour de renouvellement du bureau\u00bb, rapporte un communiqu\u00e9 de l\u2019Unccias.<\/p>\n\n\n\n<p>Selon ce document, en pr\u00e9sence du Directeur du commerce int\u00e9rieur, Cheikh Ahmadou Bamba Ndao, repr\u00e9sentant du ministre, et son coll\u00e8gue, l\u2019assembl\u00e9e a continu\u00e9 la rencontre. L\u2019Unccias a profit\u00e9 de la rencontre pour exhorter le minist\u00e8re du Commerce \u00e0 prendre les dispositions pour l\u2019application de la loi 2017-15 du 6 f\u00e9vrier 2017 portant cr\u00e9ation de la Chambre nationale de commerce, d\u2019industrie et de services du S\u00e9n\u00e9gal (Cci-Sn) et des Chambres r\u00e9gionales de commerce, d\u2019industrie et de services (Ccir), en vue d\u2019organiser dans les meilleurs d\u00e9lais, la mise en place des nouvelles assembl\u00e9es consulaires. \u00abLa balle est dans le camp du minist\u00e8re du Commerce qui doit prendre la main, \u00e0 l\u2019image de la dynamique des chambres de m\u00e9tiers qui fonctionnent et font les renouvellements correctement (chaque cinq ans sans aucune difficult\u00e9), pour \u00e9viter de ternir l\u2019image du secteur priv\u00e9 s\u00e9n\u00e9galais\u00bb, plaide le communiqu\u00e9 du bureau l\u00e9gal et l\u00e9gitime. Il faut noter que les derni\u00e8res \u00e9lections des chambres de commerce datent de 2010, avec beaucoup de contestations qui ont abouti \u00e0 l\u2019annulation du bureau de la Cciad par la Cour supr\u00eame. Il est utile de pr\u00e9ciser que les dissidents, en minorit\u00e9 dans la salle, se sont retir\u00e9s dans un h\u00f4tel de Dakar, o\u00f9 ils ont continu\u00e9 leur r\u00e9union et form\u00e9 un bureau parall\u00e8le de l\u2019Unccias. Au cours d\u2019une \u00e9lection non supervis\u00e9e, ils ont form\u00e9 un bureau dirig\u00e9 par Abdoulaye Sow, qui est second\u00e9 par le pr\u00e9sident de la Chambre de commerce de Louga, Seyni Ndiaye S\u00e8ne. Jean-Pascal Ehemba, pr\u00e9sident de la Ccia de Ziguinchor, occupe le poste de 2e vice-pr\u00e9sident. Cheikh Mouhamadou Sourang, pr\u00e9sident de la Ccia de Saint-Louis, est le nouveau secr\u00e9taire \u00e9lu. Maodo Sarr, pr\u00e9sident de la Ccia de Kaffrine, h\u00e9rite du poste de secr\u00e9taire adjoint. Djibril Ciss\u00e9, pr\u00e9sident de la Ccia de Tamba, et Mamadou Ch\u00e9rif Diallo, pr\u00e9sident de la Ccia de Kolda, occupent respectivement les postes de tr\u00e9sorier et tr\u00e9sorier adjoint. Les \u00abfrondeurs\u00bb ont voulu justifier leur coup par la d\u00e9claration suivante, faite par Cheikh Mouhamadou Sourang\u00a0:\u00a0\u00abLe pr\u00e9sident de s\u00e9ance, Serigne Mboup, a syst\u00e9matiquement refus\u00e9 l\u2019ordre du jour pr\u00e9alablement fix\u00e9 lors de la r\u00e9union du 4 mai 2023. Devant un tel blocage, il a \u00e9t\u00e9 d\u00e9cid\u00e9 de passer au vote d\u2019adoption de l\u2019ordre du jour ainsi propos\u00e9 avec l\u2019accord express du directeur du Commerce int\u00e9rieur, ce que le pr\u00e9sident de s\u00e9ance et ses cinq souteneurs ont refus\u00e9 cat\u00e9goriquement sachant qu\u2019ils sont minoritaires compte tenu de l\u2019absence du pr\u00e9sident de la Chambre de commerce de Thi\u00e8s dont la signature a d\u2019ailleurs \u00e9t\u00e9 imit\u00e9e par M. Moustapha Diop, ce qui am\u00e8ne les forces en pr\u00e9sence \u00e0 sept pr\u00e9sidents contre six. Devant une telle situation, la majorit\u00e9 a d\u00e9cid\u00e9 de se retirer dans un h\u00f4tel de la place pour proc\u00e9der au renouvellement du Bureau.\u00bb Pour sa part, Serigne Mboup, qui se consid\u00e8re comme le seul pr\u00e9sident l\u00e9gitime, a d\u00e9clar\u00e9, en marge de cette affaire, que \u00abla balle est dans le camp du ministre du Commerce, qui doit prendre ses responsabilit\u00e9s pour remettre de l\u2019ordre\u00bb. M. Mboup a indiqu\u00e9 que \u00abla Chambre de commerce est une entit\u00e9 publique, diff\u00e9rente des associations comme le Cnp, l\u2019Unacois ou autres. Elle ne peut conna\u00eetre des ailes dissidentes. Donc, l\u2019Etat doit r\u00e9gler la situation au plus vite, en faisant respecter la l\u00e9galit\u00e9\u00bb.<\/p>\n\n\n\n<p><br><strong>dialigue@lequotidien.sn ksonko@lequotidien.sn<\/strong><\/p>\n","protected":false},"excerpt":{"rendered":"<p>Le bureau de l\u2019Unccias, dirig\u00e9 par le pr\u00e9sident Serigne Mboup, a d\u00e9jou\u00e9 les man\u0153uvres de Abdoulaye Sow, pr\u00e9sident de la<\/p>\n","protected":false},"author":1,"featured_media":12517,"comment_status":"open","ping_status":"open","sticky":false,"template":"","format":"standard","meta":{"footnotes":""},"categories":[3],"tags":[],"class_list":["post-12516","post","type-post","status-publish","format-standard","has-post-thumbnail","hentry","category-event-more-news"],"_links":{"self":[{"href":"https:\/\/dekkbi.com\/index.php?rest_route=\/wp\/v2\/posts\/12516","targetHints":{"allow":["GET"]}}],"collection":[{"href":"https:\/\/dekkbi.com\/index.php?rest_route=\/wp\/v2\/posts"}],"about":[{"href":"https:\/\/dekkbi.com\/index.php?rest_route=\/wp\/v2\/types\/post"}],"author":[{"embeddable":true,"href":"https:\/\/dekkbi.com\/index.php?rest_route=\/wp\/v2\/users\/1"}],"replies":[{"embeddable":true,"href":"https:\/\/dekkbi.com\/index.php?rest_route=%2Fwp%2Fv2%2Fcomments&post=12516"}],"version-history":[{"count":1,"href":"https:\/\/dekkbi.com\/index.php?rest_route=\/wp\/v2\/posts\/12516\/revisions"}],"predecessor-version":[{"id":12518,"href":"https:\/\/dekkbi.com\/index.php?rest_route=\/wp\/v2\/posts\/12516\/revisions\/12518"}],"wp:featuredmedia":[{"embeddable":true,"href":"https:\/\/dekkbi.com\/index.php?rest_route=\/wp\/v2\/media\/12517"}],"wp:attachment":[{"href":"https:\/\/dekkbi.com\/index.php?rest_route=%2Fwp%2Fv2%2Fmedia&parent=12516"}],"wp:term":[{"taxonomy":"category","embeddable":true,"href":"https:\/\/dekkbi.com\/index.php?rest_route=%2Fwp%2Fv2%2Fcategories&post=12516"},{"taxonomy":"post_tag","embeddable":true,"href":"https:\/\/dekkbi.com\/index.php?rest_route=%2Fwp%2Fv2%2Ftags&post=12516"}],"curies":[{"name":"wp","href":"https:\/\/api.w.org\/{rel}","templated":true}]}}