{"id":12493,"date":"2023-05-21T10:11:12","date_gmt":"2023-05-21T10:11:12","guid":{"rendered":"https:\/\/dekkbi.com\/?p=12493"},"modified":"2023-05-21T10:11:12","modified_gmt":"2023-05-21T10:11:12","slug":"apres-la-sortie-dousmane-sonko-idrissa-seck-riposte-et-traite-le-leader-de-pastef-de-menteur","status":"publish","type":"post","link":"https:\/\/dekkbi.com\/?p=12493","title":{"rendered":"Apr\u00e8s la sortie d&rsquo;Ousmane Sonko: Idrissa Seck riposte et traite le leader de Pastef, de menteur"},"content":{"rendered":"\n<p>L\u2019int\u00e9gralit\u00e9 de son message<\/p>\n\n\n\n<p>\u00ab J&rsquo;ai \u00e9cout\u00e9 avec beaucoup de tristesse, mon jeune fr\u00e8re Ousmane Sonko mentir \u00e9hont\u00e9ment sur les circonstances et le contenu de notre entretien du 27.<\/p>\n\n\n\n<p>Qu&rsquo;il se souvienne simplement m&rsquo;avoir dit ce \u00ab Fajr \u00bb, qu&rsquo;il n&rsquo;avait pas encore commenc\u00e9 \u00e0 je\u00fbner parce qu&rsquo;il \u00e9tait encore malade, d&rsquo;o\u00f9 son retard d&rsquo;ailleurs pour se pr\u00e9parer et descendre.<\/p>\n\n\n\n<p>Maladie que, personnellement, je n&rsquo;ai pas observ\u00e9e au cours de notre entretien, o\u00f9 il s&rsquo;est montr\u00e9 particuli\u00e8rement en forme.<\/p>\n\n\n\n<p>Mais malgr\u00e9 les douloureuses circonstances qu&rsquo;il vit, ou peut-\u00eatre m\u00eame surtout \u00e0 cause de ces circonstances-l\u00e0, il aurait avantage \u00e0 m\u00e9diter sur ce verset du Coran : \u00ab Et la v\u00e9rit\u00e9 est venue, le faux a disparu, car le faux est destin\u00e9 \u00e0 dispara\u00eetre. \u00bb<\/p>\n\n\n\n<p>Cela l&rsquo;aidera \u00e0 arr\u00eater la manipulation. N&rsquo;e\u00fbt \u00e9t\u00e9 l&rsquo;\u00e9preuve douloureuse qu&rsquo;il traverse en faisant face \u00e0 la justice de son pays pour mensonge et diffamation d&rsquo;une part, et possibilit\u00e9 de viol d&rsquo;autre part sur une jeune fille de 20 ans, j&rsquo;aurais \u00e9t\u00e9 extr\u00eamement dur envers lui. Mais dans ces circonstances, conform\u00e9ment \u00e0 l&rsquo;enseignement proph\u00e9tique, je dois d&rsquo;abord lui exprimer ma solidarit\u00e9 face aux \u00e9preuves qu&rsquo;il traverse. Lorsque ces \u00e9preuves seront r\u00e9volues, d&rsquo;une mani\u00e8re ou d&rsquo;une autre, je pourrai lui apporter, preuve \u00e0 l&rsquo;appui, la r\u00e9ponse qui est tr\u00e8s simple : Il sait qu&rsquo;il ment et que la mal\u00e9diction d&rsquo;Allah s&rsquo;abat sur le menteur dans ces circonstances.<\/p>\n\n\n\n<p>\u00ab\u00a0Merci.Idrissa Seck<\/p>\n\n\n\n<p>Pr\u00e9sident du parti \u00ab REWMI \u00bb<\/p>\n","protected":false},"excerpt":{"rendered":"<p>L\u2019int\u00e9gralit\u00e9 de son message \u00ab J&rsquo;ai \u00e9cout\u00e9 avec beaucoup de tristesse, mon jeune fr\u00e8re Ousmane Sonko mentir \u00e9hont\u00e9ment sur les<\/p>\n","protected":false},"author":1,"featured_media":9283,"comment_status":"open","ping_status":"open","sticky":false,"template":"","format":"standard","meta":{"footnotes":""},"categories":[6],"tags":[],"class_list":["post-12493","post","type-post","status-publish","format-standard","has-post-thumbnail","hentry","category-politics"],"_links":{"self":[{"href":"https:\/\/dekkbi.com\/index.php?rest_route=\/wp\/v2\/posts\/12493","targetHints":{"allow":["GET"]}}],"collection":[{"href":"https:\/\/dekkbi.com\/index.php?rest_route=\/wp\/v2\/posts"}],"about":[{"href":"https:\/\/dekkbi.com\/index.php?rest_route=\/wp\/v2\/types\/post"}],"author":[{"embeddable":true,"href":"https:\/\/dekkbi.com\/index.php?rest_route=\/wp\/v2\/users\/1"}],"replies":[{"embeddable":true,"href":"https:\/\/dekkbi.com\/index.php?rest_route=%2Fwp%2Fv2%2Fcomments&post=12493"}],"version-history":[{"count":1,"href":"https:\/\/dekkbi.com\/index.php?rest_route=\/wp\/v2\/posts\/12493\/revisions"}],"predecessor-version":[{"id":12494,"href":"https:\/\/dekkbi.com\/index.php?rest_route=\/wp\/v2\/posts\/12493\/revisions\/12494"}],"wp:featuredmedia":[{"embeddable":true,"href":"https:\/\/dekkbi.com\/index.php?rest_route=\/wp\/v2\/media\/9283"}],"wp:attachment":[{"href":"https:\/\/dekkbi.com\/index.php?rest_route=%2Fwp%2Fv2%2Fmedia&parent=12493"}],"wp:term":[{"taxonomy":"category","embeddable":true,"href":"https:\/\/dekkbi.com\/index.php?rest_route=%2Fwp%2Fv2%2Fcategories&post=12493"},{"taxonomy":"post_tag","embeddable":true,"href":"https:\/\/dekkbi.com\/index.php?rest_route=%2Fwp%2Fv2%2Ftags&post=12493"}],"curies":[{"name":"wp","href":"https:\/\/api.w.org\/{rel}","templated":true}]}}