{"id":12423,"date":"2023-05-19T14:44:14","date_gmt":"2023-05-19T14:44:14","guid":{"rendered":"https:\/\/dekkbi.com\/?p=12423"},"modified":"2023-05-19T14:44:16","modified_gmt":"2023-05-19T14:44:16","slug":"zelensky-vole-la-vedette-a-assad-au-sommet-de-la-ligue-arabe-certains-pays-ferment-les-yeux","status":"publish","type":"post","link":"https:\/\/dekkbi.com\/?p=12423","title":{"rendered":"Zelensky vole la vedette \u00e0 Assad au sommet de la Ligue arabe : \u201cCertains pays ferment les yeux\u201d"},"content":{"rendered":"\n<p><strong>Le pr\u00e9sident ukrainien Volodymyr Zelensky est arriv\u00e9 vendredi en Arabie saoudite pour participer au sommet arabe, volant la vedette au dirigeant syrien, Bachar al-Assad, alli\u00e9 de Moscou, qui fait son grand retour sur la sc\u00e8ne diplomatique arabe.<\/strong><\/p>\n\n\n\n<p>\u201cJe prendrai la parole au sommet de la Ligue arabe. Je rencontrerai le prince h\u00e9ritier (saoudien) Mohammed ben Salmane et j\u2019aurai d\u2019autres entretiens bilat\u00e9raux\u201d, a indiqu\u00e9 sur son compte Telegram M. Zelensky, dont c\u2019est la premi\u00e8re visite au Moyen-Orient depuis le d\u00e9but de l\u2019invasion russe. Le pr\u00e9sident ukrainien a \u00e9t\u00e9 invit\u00e9 par l\u2019Arabie saoudite et non par la Ligue arabe, a affirm\u00e9 \u00e0 l\u2019AFP une source de l\u2019organisation panarabe.<\/p>\n\n\n\n<h2 class=\"wp-block-heading\">\u201cCertains pays arabes ferment les yeux\u201d<\/h2>\n\n\n\n<p>Sur place, Volodymyr Zelensky a affirm\u00e9 que \u201ccertains\u201d pays arabes \u201cferm(ai)ent les yeux\u201d sur l\u2019invasion de son pays par la Russie. \u201cMalheureusement, certains pays dans le monde et ici, parmi vous, ferment les yeux sur ces prisons et annexions ill\u00e9gales\u201d, a-t-il d\u00e9clar\u00e9 en appelant les dirigeants de la r\u00e9gion \u00e0 \u201cjeter un regard honn\u00eate\u201d sur la guerre. Il a n\u00e9anmoins remerci\u00e9 Mohammed ben Salmane pour \u201cson soutien \u00e0 l\u2019int\u00e9grit\u00e9 territoriale\u201d de l\u2019Ukraine, lors d\u2019un entretien bilat\u00e9ral. Il l\u2019a \u00e9galement invit\u00e9, dont le pays a r\u00e9cemment coordonn\u00e9 sa politique p\u00e9troli\u00e8re avec Moscou, \u00e0 se rendre en Ukraine.<\/p>\n\n\n\n<h2 class=\"wp-block-heading\">La Syrie d\u2019Assad, alli\u00e9e de Moscou<\/h2>\n\n\n\n<p>Le pays h\u00f4te, l\u2019Arabie saoudite, a affich\u00e9 une position relativement neutre sur le conflit. En revanche, la Syrie de Bachar el-Assad, alli\u00e9e de Moscou, est l\u2019un des cinq pays \u00e0 avoir vot\u00e9 contre les r\u00e9solutions du Conseil de s\u00e9curit\u00e9 des Nations unies demandant \u00e0 la Russie de cesser les hostilit\u00e9s en Ukraine. M. Assad, qui a b\u00e9n\u00e9fici\u00e9 de l\u2019intervention de la Russie dans son pays en 2015, est arriv\u00e9 jeudi soir \u00e0 Jeddah, pour participer \u00e0 sa premi\u00e8re r\u00e9union de la Ligue arabe depuis plus d\u2019une d\u00e9cennie. Le prince h\u00e9ritier saoudien, Mohammed ben Salmane, a salu\u00e9 son retour. \u201cNous sommes heureux d\u2019accueillir le pr\u00e9sident Bachar al-Assad \u00e0 ce sommet\u201d, a-t-il d\u00e9clar\u00e9 \u00e0 l\u2019ouverture de la r\u00e9union, en esp\u00e9rant que la r\u00e9int\u00e9gration de la Syrie ram\u00e8nera \u201cla stabilit\u00e9 \u201c dans le pays ravag\u00e9 par la guerre.<\/p>\n\n\n\n<h2 class=\"wp-block-heading\">Initiative des \u00c9mirats arabes unis<\/h2>\n\n\n\n<p>L\u2019organisation panarabe avait exclu le r\u00e9gime syrien fin 2011 pour sa r\u00e9pression d\u2019un soul\u00e8vement populaire, qui a d\u00e9g\u00e9n\u00e9r\u00e9 en guerre d\u00e9vastatrice, avant de le r\u00e9int\u00e9grer le 7 mai dernier. Les \u00c9mirats arabes unis, qui avaient r\u00e9tabli leurs liens avec la Syrie en 2018, ont notamment \u00e9t\u00e9 tr\u00e8s actifs pour r\u00e9int\u00e9grer Damas dans le groupe. Le pr\u00e9sident \u00e9mirati, cheikh Mohammed ben Zayed, sera repr\u00e9sent\u00e9 par son fr\u00e8re, cheikh Mansour ben Zayed, selon l\u2019agence \u00e9miratie, WAM. Le r\u00e9gime syrien a par ailleurs b\u00e9n\u00e9fici\u00e9 d\u2019un \u00e9lan de solidarit\u00e9 apr\u00e8s un s\u00e9isme qui a d\u00e9vast\u00e9 le 6 f\u00e9vrier de vastes pans de la Syrie et de la Turquie.<\/p>\n\n\n\n<figure class=\"wp-block-image\"><a href=\"https:\/\/www.7sur7.be\/monde\/zelensky-vole-la-vedette-a-assad-au-sommet-de-la-ligue-arabe-certains-pays-ferment-les-yeux~a8f6ce9c\/231292164\/\"><img decoding=\"async\" src=\"https:\/\/images0.persgroep.net\/rcs\/l2NbbmL8rE8Q0tmXnc01Y5fhB00\/diocontent\/231292164\/_fitwidth\/694\/?appId=21791a8992982cd8da851550a453bd7f&amp;quality=0.8\" alt=\"VIA REUTERS\"\/><\/a><figcaption class=\"wp-element-caption\">\u00a9 VIA REUTERS<\/figcaption><\/figure>\n\n\n\n<p>SOURCE 7SUR7<\/p>\n","protected":false},"excerpt":{"rendered":"<p>Le pr\u00e9sident ukrainien Volodymyr Zelensky est arriv\u00e9 vendredi en Arabie saoudite pour participer au sommet arabe, volant la vedette au<\/p>\n","protected":false},"author":1,"featured_media":12425,"comment_status":"open","ping_status":"open","sticky":false,"template":"","format":"standard","meta":{"footnotes":""},"categories":[51],"tags":[],"class_list":["post-12423","post","type-post","status-publish","format-standard","has-post-thumbnail","hentry","category-general"],"_links":{"self":[{"href":"https:\/\/dekkbi.com\/index.php?rest_route=\/wp\/v2\/posts\/12423","targetHints":{"allow":["GET"]}}],"collection":[{"href":"https:\/\/dekkbi.com\/index.php?rest_route=\/wp\/v2\/posts"}],"about":[{"href":"https:\/\/dekkbi.com\/index.php?rest_route=\/wp\/v2\/types\/post"}],"author":[{"embeddable":true,"href":"https:\/\/dekkbi.com\/index.php?rest_route=\/wp\/v2\/users\/1"}],"replies":[{"embeddable":true,"href":"https:\/\/dekkbi.com\/index.php?rest_route=%2Fwp%2Fv2%2Fcomments&post=12423"}],"version-history":[{"count":1,"href":"https:\/\/dekkbi.com\/index.php?rest_route=\/wp\/v2\/posts\/12423\/revisions"}],"predecessor-version":[{"id":12426,"href":"https:\/\/dekkbi.com\/index.php?rest_route=\/wp\/v2\/posts\/12423\/revisions\/12426"}],"wp:featuredmedia":[{"embeddable":true,"href":"https:\/\/dekkbi.com\/index.php?rest_route=\/wp\/v2\/media\/12425"}],"wp:attachment":[{"href":"https:\/\/dekkbi.com\/index.php?rest_route=%2Fwp%2Fv2%2Fmedia&parent=12423"}],"wp:term":[{"taxonomy":"category","embeddable":true,"href":"https:\/\/dekkbi.com\/index.php?rest_route=%2Fwp%2Fv2%2Fcategories&post=12423"},{"taxonomy":"post_tag","embeddable":true,"href":"https:\/\/dekkbi.com\/index.php?rest_route=%2Fwp%2Fv2%2Ftags&post=12423"}],"curies":[{"name":"wp","href":"https:\/\/api.w.org\/{rel}","templated":true}]}}