{"id":12395,"date":"2023-05-19T11:46:06","date_gmt":"2023-05-19T11:46:06","guid":{"rendered":"https:\/\/dekkbi.com\/?p=12395"},"modified":"2023-05-19T11:46:08","modified_gmt":"2023-05-19T11:46:08","slug":"deces-de-lartiste-comedien-pape-demba-ndiaye-lam","status":"publish","type":"post","link":"https:\/\/dekkbi.com\/?p=12395","title":{"rendered":"D\u00e9c\u00e8s de l\u2019artiste com\u00e9dien Pape Demba Ndiaye \u00ab Lam \u00bb"},"content":{"rendered":"\n<p>L\u2019artiste com\u00e9dien Pape Demba Ndiaye \u00abLam\u00bb. a rendu l&rsquo;\u00e2me ce jeudi 18 mai 2023. D&rsquo;apr\u00e9s Seneweb, il avait fait un malaise, samedi dernier, au cours de la c\u00e9l\u00e9bration de la 3e \u00e9dition du Festival international de th\u00e9\u00e2tre de Gu\u00e9diawaye, o\u00f9 un hommage lui \u00e9tait d&rsquo;ailleurs rendu. \u00c9vacu\u00e9 \u00e0 l&rsquo;h\u00f4pital Dalal Jamm, il a \u00e9t\u00e9 transf\u00e9r\u00e9 \u00e0 l&rsquo;h\u00f4pital Fann o\u00f9 il est d\u00e9c\u00e9d\u00e9 ce jeudi.<\/p>\n\n\n\n<p>Le d\u00e9funt, qui habitait \u00e0 la M\u00e9dina, est un metteur en sc\u00e8ne, membre fondateur de l&rsquo;Association des artistes com\u00e9diens du S\u00e9n\u00e9gal (ARCOTS). Il \u00e9voluait au sein de la troupe de th\u00e9\u00e2tre Jamonoy Tey.<\/p>\n","protected":false},"excerpt":{"rendered":"<p>L\u2019artiste com\u00e9dien Pape Demba Ndiaye \u00abLam\u00bb. a rendu l&rsquo;\u00e2me ce jeudi 18 mai 2023. D&rsquo;apr\u00e9s Seneweb, il avait fait un<\/p>\n","protected":false},"author":1,"featured_media":12396,"comment_status":"open","ping_status":"open","sticky":false,"template":"","format":"standard","meta":{"footnotes":""},"categories":[26],"tags":[],"class_list":["post-12395","post","type-post","status-publish","format-standard","has-post-thumbnail","hentry","category-fait-divers"],"_links":{"self":[{"href":"https:\/\/dekkbi.com\/index.php?rest_route=\/wp\/v2\/posts\/12395","targetHints":{"allow":["GET"]}}],"collection":[{"href":"https:\/\/dekkbi.com\/index.php?rest_route=\/wp\/v2\/posts"}],"about":[{"href":"https:\/\/dekkbi.com\/index.php?rest_route=\/wp\/v2\/types\/post"}],"author":[{"embeddable":true,"href":"https:\/\/dekkbi.com\/index.php?rest_route=\/wp\/v2\/users\/1"}],"replies":[{"embeddable":true,"href":"https:\/\/dekkbi.com\/index.php?rest_route=%2Fwp%2Fv2%2Fcomments&post=12395"}],"version-history":[{"count":1,"href":"https:\/\/dekkbi.com\/index.php?rest_route=\/wp\/v2\/posts\/12395\/revisions"}],"predecessor-version":[{"id":12397,"href":"https:\/\/dekkbi.com\/index.php?rest_route=\/wp\/v2\/posts\/12395\/revisions\/12397"}],"wp:featuredmedia":[{"embeddable":true,"href":"https:\/\/dekkbi.com\/index.php?rest_route=\/wp\/v2\/media\/12396"}],"wp:attachment":[{"href":"https:\/\/dekkbi.com\/index.php?rest_route=%2Fwp%2Fv2%2Fmedia&parent=12395"}],"wp:term":[{"taxonomy":"category","embeddable":true,"href":"https:\/\/dekkbi.com\/index.php?rest_route=%2Fwp%2Fv2%2Fcategories&post=12395"},{"taxonomy":"post_tag","embeddable":true,"href":"https:\/\/dekkbi.com\/index.php?rest_route=%2Fwp%2Fv2%2Ftags&post=12395"}],"curies":[{"name":"wp","href":"https:\/\/api.w.org\/{rel}","templated":true}]}}