{"id":12392,"date":"2023-05-19T11:42:10","date_gmt":"2023-05-19T11:42:10","guid":{"rendered":"https:\/\/dekkbi.com\/?p=12392"},"modified":"2023-05-19T11:42:11","modified_gmt":"2023-05-19T11:42:11","slug":"deces-a-keur-mbaye-fall-du-jeune-pape-amadou-keita-lautopsie-dement-antoine-felix-diome","status":"publish","type":"post","link":"https:\/\/dekkbi.com\/?p=12392","title":{"rendered":"D\u00e9c\u00e8s \u00e0 Keur Mbaye Fall du jeune Pape Amadou Ke\u00efta: l\u2019autopsie d\u00e9ment Antoine F\u00e9lix Diome"},"content":{"rendered":"\n<h3 class=\"wp-block-heading\">emedia.sn-Encore un certificat de genre de mort qui d\u00e9ment le minist\u00e8re de l\u2019Int\u00e9rieur. La mort du jeune Pape Amadou Ke\u00efta, tu\u00e9 \u00e0 Keur Mbaye Fall, lors des affrontements qui ont eu lieu \u00e0 la veille du proc\u00e8s opposant Ousmane Sonko \u00e0 Adji Sarr, suscite encore une vive pol\u00e9mique.<\/h3>\n\n\n\n<p>Dans un communiqu\u00e9 en date du 16 mai, le minist\u00e8re de l\u2019Int\u00e9rieur, avait inform\u00e9 Pape Amadou Keita \u00ab aurait succomb\u00e9 des suite d\u2019une blessure par arme blanche \u00bb.<\/p>\n\n\n\n<p>Seulement, cette th\u00e8se de Antoine Felix Diome est en contradiction avec celle du certificat de genre de mort \u00e9tabli par l\u2019h\u00f4pital g\u00e9n\u00e9ral Idrissa Pouye de Grand-Yoff.<\/p>\n\n\n\n<p>Le document fait \u00e9tat d\u2019une \u00ab plaie transfixante thoracique avec p\u00e9n\u00e9tration ant\u00e9rieure. Le trajet passe par le corps du sternum, la base du c\u0153ur, le poumon gauche, avec un orifice de sortie post\u00e9rieur, \u00e0 hauteur de la 7e c\u00f4te gauche, cons\u00e9cutive \u00e0 un \u00e0 un projectile ayant compl\u00e8tement travers\u00e9. \u00bb<\/p>\n\n\n\n<p>Il y a quelques jours, une situation similaire s\u2019\u00e9tait \u00e9galement pr\u00e9sent\u00e9e avec la mort d\u2019une jeune fille \u00e0 Ngor tu\u00e9e lors des manifestations. Alors que les populations affirmaient mordicus qu\u2019elle a \u00e9t\u00e9 atteinte d\u2019une balle \u00e0 la t\u00eate, le ministre de l\u2019int\u00e9rieur sortait un communiqu\u00e9 pour annoncer qu\u2019elle aurait probablement \u00e9t\u00e9 touch\u00e9e dans la mer par une h\u00e9lice de pirogue. Le certificat de genre de mort sorti deux jours apr\u00e8s d\u00e9montait totalement cette th\u00e8se.<\/p>\n\n\n\n<p>Emediasn<\/p>\n\n\n\n<p><\/p>\n","protected":false},"excerpt":{"rendered":"<p>emedia.sn-Encore un certificat de genre de mort qui d\u00e9ment le minist\u00e8re de l\u2019Int\u00e9rieur. La mort du jeune Pape Amadou Ke\u00efta,<\/p>\n","protected":false},"author":1,"featured_media":12393,"comment_status":"open","ping_status":"open","sticky":false,"template":"","format":"standard","meta":{"footnotes":""},"categories":[26],"tags":[],"class_list":["post-12392","post","type-post","status-publish","format-standard","has-post-thumbnail","hentry","category-fait-divers"],"_links":{"self":[{"href":"https:\/\/dekkbi.com\/index.php?rest_route=\/wp\/v2\/posts\/12392","targetHints":{"allow":["GET"]}}],"collection":[{"href":"https:\/\/dekkbi.com\/index.php?rest_route=\/wp\/v2\/posts"}],"about":[{"href":"https:\/\/dekkbi.com\/index.php?rest_route=\/wp\/v2\/types\/post"}],"author":[{"embeddable":true,"href":"https:\/\/dekkbi.com\/index.php?rest_route=\/wp\/v2\/users\/1"}],"replies":[{"embeddable":true,"href":"https:\/\/dekkbi.com\/index.php?rest_route=%2Fwp%2Fv2%2Fcomments&post=12392"}],"version-history":[{"count":1,"href":"https:\/\/dekkbi.com\/index.php?rest_route=\/wp\/v2\/posts\/12392\/revisions"}],"predecessor-version":[{"id":12394,"href":"https:\/\/dekkbi.com\/index.php?rest_route=\/wp\/v2\/posts\/12392\/revisions\/12394"}],"wp:featuredmedia":[{"embeddable":true,"href":"https:\/\/dekkbi.com\/index.php?rest_route=\/wp\/v2\/media\/12393"}],"wp:attachment":[{"href":"https:\/\/dekkbi.com\/index.php?rest_route=%2Fwp%2Fv2%2Fmedia&parent=12392"}],"wp:term":[{"taxonomy":"category","embeddable":true,"href":"https:\/\/dekkbi.com\/index.php?rest_route=%2Fwp%2Fv2%2Fcategories&post=12392"},{"taxonomy":"post_tag","embeddable":true,"href":"https:\/\/dekkbi.com\/index.php?rest_route=%2Fwp%2Fv2%2Ftags&post=12392"}],"curies":[{"name":"wp","href":"https:\/\/api.w.org\/{rel}","templated":true}]}}