{"id":12385,"date":"2023-05-19T11:31:56","date_gmt":"2023-05-19T11:31:56","guid":{"rendered":"https:\/\/dekkbi.com\/?p=12385"},"modified":"2023-05-19T11:31:57","modified_gmt":"2023-05-19T11:31:57","slug":"universite-iba-der-thiam-de-thies-passation-de-service-entre-les-profs-ramatoulaye-diagne-mbengue-et-mamadou-babacar-ndiaye","status":"publish","type":"post","link":"https:\/\/dekkbi.com\/?p=12385","title":{"rendered":"Universit\u00e9 Iba Der Thiam de Thi\u00e8s : Passation de service entre les Profs Ramatoulaye Diagne Mbengue et Mamadou Babacar Ndiaye"},"content":{"rendered":"\n<h3 class=\"wp-block-heading\">\u00ab Le Ministre de l&rsquo;Enseignement sup\u00e9rieur, de la Recherche et de l&rsquo;Innovation, le professeur Moussa Bald\u00e9, m\u2019a express\u00e9ment et fortement instruit de remercier le professeur Ramatoulaye Diagne Mbengue, premi\u00e8re femme Recteur d\u2019universit\u00e9 au S\u00e9n\u00e9gal, au nom de toute la communaut\u00e9 universitaire du S\u00e9n\u00e9gal \u00bb.<\/h3>\n\n\n\n<h3 class=\"wp-block-heading\"><br>C\u2019est par ces mots, que le Directeur de l&rsquo;Enseignement sup\u00e9rieur (DGES),Professeur Amadou Abdou Sow, a commenc\u00e9 pour rendre hommage \u00e0 Mme Mbengue \u00e0 l\u2019issue de la passation de service entre elle et le professeur Mamadou Babacar Ndiaye, nouveau recteur de l\u2019Universit\u00e9 Iba Der Thiam de Thi\u00e8s.<\/h3>\n\n\n\n<p>C\u2019\u00e9tait dans le hall du rectorat, en pr\u00e9sence de quelques membres de la famille du Professeur Ramatoulaye Diagne Mbengue qui, malgr\u00e9 les pressions, n\u2019a pas souhait\u00e9 briguer un second mandat, de ses tr\u00e8s proches collaborateurs dont ses deux assistantes, sa conseill\u00e8re particuli\u00e8re et le SG de l\u2019universit\u00e9, et du nouveau Recteur. En effet, la passation s\u2019est tenue, le 15 mai 2023, dans la plus pure tradition universitaire et administrative, sans tam-tam ni trompette, en pr\u00e9sence des seules personnes autoris\u00e9es par cette proc\u00e9dure.<\/p>\n\n\n\n<p>Le Pr. Sow, dans un langage imag\u00e9, a rappel\u00e9 les qualit\u00e9s du recteur sortant en soulignant les grandes \u00e9tapes qui lui ont permis de faire de l\u2019UIDT ce fleuron de l\u2019enseignement qu\u2019il est devenu. D\u2019ailleurs, dans un rapport d\u2019activit\u00e9s allant de d\u00e9cembre 2017 \u00e0 mars 2023, pr\u00e9sent\u00e9 comme un mod\u00e8le de transparence et de bonne gouvernance, Mme Mbengue avait dress\u00e9 son bilan \u00e0 la t\u00eate l\u2019UIDT.<\/p>\n\n\n\n<p>Plusieurs de ses r\u00e9alisations figurent d\u2019ailleurs dans la lettre de remerciements que le Syndicat autonome de l\u2019Enseignement sup\u00e9rieur (SAES)a adress\u00e9e au Professeur Mbengue qui, selon le syndicat, \u00ab peut se glorifier \u00bb de son bilan.<\/p>\n\n\n\n<p>Pour sa part, le recteur entrant, le Professeur Mamadou Babacar Ndiaye, a f\u00e9licit\u00e9 Professeur Mbengue et assure \u00ab qu\u2019elle sera une personne ressource \u00e0 laquelle nous allons faire appel pour continuer le travail qu\u2019elle a entam\u00e9 \u00bb<\/p>\n\n\n\n<p>.Le professeur Ndiaye a \u00e9galement formul\u00e9 pour elle d\u2019ardentes pri\u00e8res pour un succ\u00e8s encore plus important dans ses nouveaux engagements professionnels.<br>Madame Mbengue a, de son c\u00f4t\u00e9, vivement remerci\u00e9 ses proches collaborateurs dont le SG, ses Assistantes qui, elle en est convaincue, sauront faire b\u00e9n\u00e9ficier \u00e0 son successeur tout leur professionnalisme et leur disponibilit\u00e9.<\/p>\n\n\n\n<p>Sans conteste, les \u00e9tudiants, en appelant \u00ab badjeen \u00bb (la s\u0153ur du p\u00e8re), le professeur Ramatoulaye Diagne Mbengue, n\u2019avaient pas mesur\u00e9 combien ce titre a fait plaisir \u00e0 celle qui a dirig\u00e9 leur universit\u00e9 pendant cinq ann\u00e9es, tant son sens de la famille est \u00e9lev\u00e9e. Elle s\u2019est particuli\u00e8rement r\u00e9jouie d\u2019avoir \u00e9t\u00e9 leur \u00ab badjeen \u00bb (protectrice av\u00e9r\u00e9e des enfants de son fr\u00e8re, dans la famille s\u00e9n\u00e9galaise) avant de prier pour son successeur pour la r\u00e9ussite de son mandat.<\/p>\n\n\n\n<p>On rappelle que l\u2019Universit\u00e9 Iba Der Thiam de Thi\u00e8s compte quatre Unit\u00e9s de Formation et de Recherche (Sant\u00e9, Sciences de l\u2019Ing\u00e9nieur, Sciences \u00e9conomiques et sociales, Sciences et Technologies), une \u00e9cole (ENSA), un Institut (IUT).<\/p>\n\n\n\n<p>Elle abrite \u00e9galement une \u00c9cole doctorale transversale d\u00e9nomm\u00e9e \u00ab \u00c9cole doctorale D\u00e9veloppement durable et Soci\u00e9t\u00e9 (ED-2DS). L\u2019UIDT dispose, au total, de 174 enseignants chercheurs dont 152 hommes (87,4%) et 22 femmes (12,6%), dot 110 ont rang de professeurs titulaires, de professeurs assimil\u00e9s, de Ma\u00eetres de conf\u00e9rences titulaires ou de Ma\u00eetres de conf\u00e9rences assimil\u00e9s.<\/p>\n\n\n\n<p>Les personnels administratif, technique et de service (PATS) sont au nombre de 198 dont 117 hommes (59%) et 81 femmes (41%). Toute cette communaut\u00e9 professionnelle encadre 7 256 \u00e9tudiants en 2022 (contre 3200 en 2017) avec 54% d\u2019hommes et 46% de femmes.677 \u00e9tudiants \u00e9trangers de 22 nationalit\u00e9s fr\u00e9quentent aussi l\u2019UDIT, ce qui lui donne son caract\u00e8re multinational, comme la ville de Thi\u00e8s qui n\u2019a jamais \u00e9t\u00e9 une ville uniquement s\u00e9n\u00e9galaise, gr\u00e2ce au chemin de fer Dakar-Bamako.<\/p>\n\n\n\n<p>Correspondance particuli\u00e8re de<br>As Ndiaye<\/p>\n","protected":false},"excerpt":{"rendered":"<p>\u00ab Le Ministre de l&rsquo;Enseignement sup\u00e9rieur, de la Recherche et de l&rsquo;Innovation, le professeur Moussa Bald\u00e9, m\u2019a express\u00e9ment et fortement<\/p>\n","protected":false},"author":1,"featured_media":12386,"comment_status":"open","ping_status":"open","sticky":false,"template":"","format":"standard","meta":{"footnotes":""},"categories":[21],"tags":[],"class_list":["post-12385","post","type-post","status-publish","format-standard","has-post-thumbnail","hentry","category-societe"],"_links":{"self":[{"href":"https:\/\/dekkbi.com\/index.php?rest_route=\/wp\/v2\/posts\/12385","targetHints":{"allow":["GET"]}}],"collection":[{"href":"https:\/\/dekkbi.com\/index.php?rest_route=\/wp\/v2\/posts"}],"about":[{"href":"https:\/\/dekkbi.com\/index.php?rest_route=\/wp\/v2\/types\/post"}],"author":[{"embeddable":true,"href":"https:\/\/dekkbi.com\/index.php?rest_route=\/wp\/v2\/users\/1"}],"replies":[{"embeddable":true,"href":"https:\/\/dekkbi.com\/index.php?rest_route=%2Fwp%2Fv2%2Fcomments&post=12385"}],"version-history":[{"count":1,"href":"https:\/\/dekkbi.com\/index.php?rest_route=\/wp\/v2\/posts\/12385\/revisions"}],"predecessor-version":[{"id":12387,"href":"https:\/\/dekkbi.com\/index.php?rest_route=\/wp\/v2\/posts\/12385\/revisions\/12387"}],"wp:featuredmedia":[{"embeddable":true,"href":"https:\/\/dekkbi.com\/index.php?rest_route=\/wp\/v2\/media\/12386"}],"wp:attachment":[{"href":"https:\/\/dekkbi.com\/index.php?rest_route=%2Fwp%2Fv2%2Fmedia&parent=12385"}],"wp:term":[{"taxonomy":"category","embeddable":true,"href":"https:\/\/dekkbi.com\/index.php?rest_route=%2Fwp%2Fv2%2Fcategories&post=12385"},{"taxonomy":"post_tag","embeddable":true,"href":"https:\/\/dekkbi.com\/index.php?rest_route=%2Fwp%2Fv2%2Ftags&post=12385"}],"curies":[{"name":"wp","href":"https:\/\/api.w.org\/{rel}","templated":true}]}}