{"id":12312,"date":"2023-05-17T12:44:29","date_gmt":"2023-05-17T12:44:29","guid":{"rendered":"https:\/\/dekkbi.com\/?p=12312"},"modified":"2023-05-17T12:44:30","modified_gmt":"2023-05-17T12:44:30","slug":"presidentielle-en-turquie-sinan-ogan-le-troisieme-homme-qui-peut-peser-lourd","status":"publish","type":"post","link":"https:\/\/dekkbi.com\/?p=12312","title":{"rendered":"Pr\u00e9sidentielle en Turquie: Sinan Ogan, le \u00ab\u00a0troisi\u00e8me homme\u00a0\u00bb qui peut peser lourd"},"content":{"rendered":"\n<p>Une des surprises du premier tour de l\u2019\u00e9lection pr\u00e9sidentielle turque aura \u00e9t\u00e9 la perc\u00e9e du candidat ultra nationaliste Sinan Ogan. Il a r\u00e9colt\u00e9 plus de 5% des voix. Vers qui les votes qu\u2019il a obtenus vont-ils se reporter pour le second tour ?&nbsp;<strong>D\u00e9cryptage.<\/strong><\/p>\n\n\n\n<p>Il a cr\u00e9\u00e9 la surprise en r\u00e9coltant 5,2% des suffrages exprim\u00e9s au premier tour de l\u2019\u00e9lection pr\u00e9sidentielle en Turquie. Le candidat ind\u00e9pendant Sinan Ogan, soutenu par une petite coalition d\u2019extr\u00eame droite, est arriv\u00e9 troisi\u00e8me, derri\u00e8re Kemal Kili\u00e7daroglu (45%) et Recep Tayyip Erdogan (49,5%) dimanche 14 mai. \u201c<em>C\u2019est un score qui \u00e9tait un peu inattendu<\/em>\u201d, estime Jean Marcou, enseignant chercheur \u00e0 Sciences Po Grenoble.&nbsp;<\/p>\n\n\n\n<p>Tous les regards sont d\u00e9sormais tourn\u00e9s vers Sinan Ogan. En effet, l\u2019issue du second tour d\u00e9pendra d\u2019o\u00f9 se placeront les voix du troisi\u00e8me homme, dissident du Parti d\u2019action nationaliste (MHP) class\u00e9 \u00e0 l\u2019extr\u00eame droite de l\u2019\u00e9chiquier politique turc. Il n\u2019a pas encore annonc\u00e9 s\u2019il soutiendrait l\u2019un des deux candidats encore en lice. Le candidat d\u00e9chu doit d\u2019abord consulter son entourage avant de se prononcer, \u00e0 savoir ses partenaires de la coalition de quatre partis nationalistes qu\u2019il repr\u00e9sente, l\u2019Alliance ancestrale.\u00a0<\/p>\n\n\n\n<h2 class=\"wp-block-heading\">Comment expliquer l\u2019importance du nationalisme ?&nbsp;<\/h2>\n\n\n\n<p>\u201c<em>Le nationalisme est une composante du paysage politique turc<\/em>\u201d, rel\u00e8ve Umut \u00d6zkirmli, chercheur \u00e0 l\u2019institut de recherches internationales de Barcelone (Ibei), dans un entretien \u00e0 l&rsquo;AFP. C\u2019est \u201c<em>une constante depuis les ann\u00e9es 1990.<\/em>\u201d Lors des \u00e9lections l\u00e9gislatives organis\u00e9es simultan\u00e9ment avec la pr\u00e9sidentielle, les diff\u00e9rentes formations nationalistes ont recueilli 22% des voix. Cette perc\u00e9e \u00e9lectorale peut s\u2019expliquer par la question des r\u00e9fugi\u00e9s syriens vivant en Turquie, qui, selon Jean Marcou, a \u00e9t\u00e9 oubli\u00e9e au cours de la campagne.&nbsp;&nbsp;<\/p>\n\n\n\n<p>Au total, pr\u00e8s de 3,5 millions de r\u00e9fugi\u00e9s syriens se trouvent actuellement en Turquie. Dans son allocution apr\u00e8s les r\u00e9sultats de l\u2019\u00e9lection pr\u00e9sidentielle, Sinan Ogan a pos\u00e9 les conditions de son soutien. \u201c<em>Ce que je veux est clair, c\u2019est le d\u00e9part des Syriens<\/em>, d\u00e9clare-t-il.&nbsp;<em>Tous les r\u00e9fugi\u00e9s doivent rentrer chez eux. Le candidat qui est d\u2019accord avec cela et qui met cette politique en pratique, je voterai pour lui.<\/em>\u201d&nbsp;<\/p>\n\n\n\n<p>Sinan Ogan consid\u00e8re les r\u00e9fugi\u00e9s syriens responsables des maux dont est victime la Turquie. \u201c<em>C\u2019est \u00e0 cause des Syriens que nous n\u2019avons pas la tranquillit\u00e9<\/em>, s\u2019insurge-t-il.&nbsp;<em>\u00c0 cause d\u2019eux que les jeunes n\u2019arrivent pas \u00e0 trouver du travail, car les Syriens travaillent \u00e0 des salaires plus bas, sans la s\u00e9curit\u00e9 sociale. C\u2019est \u00e0 cause d\u2019eux aussi que les loyers augmentent.<\/em>\u201d La majorit\u00e9 des partis politiques turcs ont des politiques plus dures \u00e0 l\u2019encontre des r\u00e9fugi\u00e9s syriens. Cela est d\u00fb \u00e0 la crise \u00e9conomique qui frappe le pays, qui se traduit par un tr\u00e8s fort taux d\u2019inflation.&nbsp;<\/p>\n\n\n\n<p>Le droit international ne permet pas de renvoyer comme cela des r\u00e9fugi\u00e9s contre leur volont\u00e9 dans un pays qui est quand m\u00eame encore en guerre.<\/p>\n\n\n\n<p>Jean Marcou, enseignant chercheur \u00e0 Sciences Po Grenoble<\/p>\n\n\n\n<p>Or, est-ce que conditionner un soutien \u00e9lectoral \u00e0 la promesse du d\u00e9part des r\u00e9fugi\u00e9s est une position tenable ? \u201c<em>Souvent, ces r\u00e9fugi\u00e9s sont rest\u00e9s en Turquie parce qu\u2019ils le voulaient<\/em>, analyse Jean Marcou.&nbsp;<em>Leur situation \u00e9tait souvent plus stable qu\u2019un incertain d\u00e9part vers l\u2019Europe.<\/em>\u201d Par ailleurs, cette question d\u00e9passe les fronti\u00e8res turques. \u201c<em>Le droit international ne permet pas de renvoyer comme cela des r\u00e9fugi\u00e9s contre leur volont\u00e9 dans un pays qui est quand m\u00eame encore en guerre<\/em>, explique l\u2019enseignant-chercheur.&nbsp;<em>Par dessus le march\u00e9, dans un pays dont le r\u00e9gime est connu pour ses violations vis-\u00e0-vis des droits humains<\/em>.\u201d&nbsp;<\/p>\n\n\n\n<h2 class=\"wp-block-heading\">Une issue incertaine<\/h2>\n\n\n\n<p>Dans une interview accord\u00e9e le 15 mai \u00e0 l\u2019agence de presse\u00a0<em>Reuters<\/em>, Sinan Ogan explique que son but est d\u2019enlever deux partis politiques \u00e0 majorit\u00e9 Kurde, parmi lesquels l\u2019HDP, de \u201c<em>l\u2019\u00e9quation politique<\/em>\u201d de la Turquie, mais aussi de soutenir les nationalistes et la\u00efcs turcs. \u00c0 ce niveau-l\u00e0, Erdogan se rapproche de lui en raison de son rejet de la minorit\u00e9 kurde en Turquie. Ogan signale \u00e9galement qu\u2019il est ouvert \u00e0 la n\u00e9gociation \u00e0 la fois avec Erdogan et Kili\u00e7daroglu \u201c<em>en fonction de leurs principes.<\/em>\u201d \u00ab\u00a0<em>Par exemple, nous pourrions signer un protocole avec l\u2019Alliance Nationale<\/em>\u00a0(pour soutenir Kili\u00e7daroglu)\u00a0<em>afin d&rsquo;indiquer clairement qu&rsquo;ils ne feraient aucune concession au HDP. C&rsquo;est aussi simple que cela<\/em>\u00ab\u00a0, d\u00e9clare-t-il.<\/p>\n\n\n\n<p>\u00a0\u201c<em>Sinan Ogan accuse l&rsquo;alliance de l&rsquo;opposition de s&rsquo;\u00eatre acoquin\u00e9e avec les Kurdes\u201d<\/em>, analyse Samim Akg\u00f6n\u00fcl, directeur du d\u00e9partement d&rsquo;\u00e9tudes turques de l&rsquo;universit\u00e9 de Strasbourg,\u00a0interrog\u00e9 par\u00a0<em>France Info<\/em>. Selon lui, cela place le candidat de l\u2019opposition dans une position d\u00e9licate : il pourrait perdre l\u2019\u00e9lectorat kurde en se pliant aux conditions d\u2019Ogan, ou ne pas b\u00e9n\u00e9ficier du soutien de l\u2019extr\u00eame-droite en restant sur ses positions.<\/p>\n\n\n\n<p>Sinan Ogan est-il plus proche d\u2019un candidat que d\u2019un autre ? \u201c<em>Quand on regarde la question des r\u00e9fugi\u00e9s, on peut penser paradoxalement qu\u2019il est plus pr\u00e8s de Kili\u00e7daroglu que d\u2019Erdogan<\/em>\u201d, analyse Jean Marcou.\u00a0<em>Cependant, le nationalisme d\u2019Ogan le rapproche \u00e0 la fois d\u2019Erdogan et l\u2019en \u00e9loigne\u201d<\/em>, dans la mesure o\u00f9 \u201c<em>id\u00e9ologiquement, il est assez proche de celui de Devlet Bah\u00e7eli\u00a0<\/em>(NDLR : leader du parti de l\u2019Action nationaliste, partenaire de l\u2019AKP d\u2019Erdogan)\u201d, mais \u201c<em>quand on regarde bien, Sinan Ogan a \u00e9t\u00e9 un de ceux qui a contest\u00e9 Devlet Bah\u00e7eli en 2016<\/em>\u201d, lors de la scission des nationalistes.\u00a0<\/p>\n\n\n\n<p>Sinan Ogan&nbsp;a autant de raisons de soutenir Erdogan que de soutenir Kili\u00e7daroglu.<\/p>\n\n\n\n<p>Jean Marcou, enseignant chercheur \u00e0 Sciences Po Grenoble<\/p>\n\n\n\n<p>Sur le plan politique, Sinan Ogan est un candidat qui \u201c<em>a autant de raisons de soutenir Erdogan que de soutenir Kili\u00e7daroglu<\/em>\u201d, estime Jean Marcou. \u201c<em>Dans ce qu\u2019il va faire, je pense qu\u2019il y a pas mal de raisons opportunistes<\/em>\u201d, poursuit l\u2019enseignant chercheur. C\u2019est-\u00e0-dire que son soutien \u00e0 un candidat plut\u00f4t qu\u2019\u00e0 un autre sera conditionn\u00e9 \u00e0 l\u2019obtention de places dans la coalition gouvernementale. \u201c<em>Comme il est un dissident, \u00e7a pourrait poser des probl\u00e8mes au niveau d\u2019Erdogan<\/em>\u201d, estime l\u2019enseignant. D\u2019un autre c\u00f4t\u00e9, son soutien \u00e0 Kili\u00e7daroglu est soumis aux conditions li\u00e9es au parti kurde. \u201c<em>Tout \u00e7a fait qu\u2019on a une situation qui est assez incertaine<\/em>, conclut Jean Marcou.&nbsp;<em>On attend avec int\u00e9r\u00eat la d\u00e9cision de Sinan Ogan<\/em>.\u201d<\/p>\n","protected":false},"excerpt":{"rendered":"<p>Une des surprises du premier tour de l\u2019\u00e9lection pr\u00e9sidentielle turque aura \u00e9t\u00e9 la perc\u00e9e du candidat ultra nationaliste Sinan Ogan.<\/p>\n","protected":false},"author":1,"featured_media":12313,"comment_status":"open","ping_status":"open","sticky":false,"template":"","format":"standard","meta":{"footnotes":""},"categories":[51],"tags":[],"class_list":["post-12312","post","type-post","status-publish","format-standard","has-post-thumbnail","hentry","category-general"],"_links":{"self":[{"href":"https:\/\/dekkbi.com\/index.php?rest_route=\/wp\/v2\/posts\/12312","targetHints":{"allow":["GET"]}}],"collection":[{"href":"https:\/\/dekkbi.com\/index.php?rest_route=\/wp\/v2\/posts"}],"about":[{"href":"https:\/\/dekkbi.com\/index.php?rest_route=\/wp\/v2\/types\/post"}],"author":[{"embeddable":true,"href":"https:\/\/dekkbi.com\/index.php?rest_route=\/wp\/v2\/users\/1"}],"replies":[{"embeddable":true,"href":"https:\/\/dekkbi.com\/index.php?rest_route=%2Fwp%2Fv2%2Fcomments&post=12312"}],"version-history":[{"count":1,"href":"https:\/\/dekkbi.com\/index.php?rest_route=\/wp\/v2\/posts\/12312\/revisions"}],"predecessor-version":[{"id":12314,"href":"https:\/\/dekkbi.com\/index.php?rest_route=\/wp\/v2\/posts\/12312\/revisions\/12314"}],"wp:featuredmedia":[{"embeddable":true,"href":"https:\/\/dekkbi.com\/index.php?rest_route=\/wp\/v2\/media\/12313"}],"wp:attachment":[{"href":"https:\/\/dekkbi.com\/index.php?rest_route=%2Fwp%2Fv2%2Fmedia&parent=12312"}],"wp:term":[{"taxonomy":"category","embeddable":true,"href":"https:\/\/dekkbi.com\/index.php?rest_route=%2Fwp%2Fv2%2Fcategories&post=12312"},{"taxonomy":"post_tag","embeddable":true,"href":"https:\/\/dekkbi.com\/index.php?rest_route=%2Fwp%2Fv2%2Ftags&post=12312"}],"curies":[{"name":"wp","href":"https:\/\/api.w.org\/{rel}","templated":true}]}}