{"id":12293,"date":"2023-05-17T11:58:12","date_gmt":"2023-05-17T11:58:12","guid":{"rendered":"https:\/\/dekkbi.com\/?p=12293"},"modified":"2023-05-17T11:58:14","modified_gmt":"2023-05-17T11:58:14","slug":"retour-des-personnes-en-sejour-irregulier-dans-leur-pays-la-belgique-signe-un-accord-avec-le-senegal","status":"publish","type":"post","link":"https:\/\/dekkbi.com\/?p=12293","title":{"rendered":"Retour des personnes en s\u00e9jour irr\u00e9gulier dans leur pays : La Belgique signe un accord avec le S\u00e9n\u00e9gal"},"content":{"rendered":"\n<h3 class=\"wp-block-heading\">Bes-Bi- La ministre aupr\u00e8s du ministre des Affaires \u00e9trang\u00e8res, Annette Seck, a sign\u00e9 hier un accord avec la Secr\u00e9taire d\u2019\u00c9tat belge \u00e0 l\u2019asile, Nicole de Moor, en vue d\u2019une coop\u00e9ration pour le retour des personnes en s\u00e9jour irr\u00e9gulier dans leur pays et en mati\u00e8re de migration l\u00e9gale.<\/h3>\n\n\n\n<p>D\u2019apr\u00e8s le communiqu\u00e9 de Mme de Moor, l\u2019ac\u00accord met particuli\u00e8rement l\u2019accent sur les retours volontaires. Le S\u00e9n\u00e9gal s\u2019engage \u00e0 aider les personnes qui rentrent volontairement dans leur pays \u00e0 se r\u00e9ins\u00e9rer dans la soci\u00e9t\u00e9 une fois au bercail.<\/p>\n\n\n\n<p>L\u2019an dernier, 142 S\u00e9n\u00e9galais ont demand\u00e9 l\u2019asile en Belgique. Selon le site Belga, ils \u00e9taient 4 595 personnes pour l\u2019ensemble de l\u2019Union europ\u00e9enne. Dans la grande majorit\u00e9 des cas, leur demande a \u00e9t\u00e9 rejet\u00e9e. En plus, 35 citoyens s\u00e9n\u00e9galais en s\u00e9jour irr\u00e9gulier ont \u00e9t\u00e9 interpell\u00e9s en Belgique.<\/p>\n\n\n\n<p>Pour la secr\u00e9taire d\u2019Etat, les retours vers le S\u00e9n\u00e9gal ont \u00e9t\u00e9 compliqu\u00e9s ces derni\u00e8res ann\u00e9es, c\u2019est pourquoi ce pays est mentionn\u00e9 dans les discussions europ\u00e9ennes en mati\u00e8re de visa.<\/p>\n\n\n\n<p>L\u2019an dernier, seuls 4 S\u00e9n\u00e9galais sont partis volontairement de Belgique vers le S\u00e9n\u00e9gal. M\u00eame si la Belgique est peu concern\u00e9e par l\u2019immigration en provenance du S\u00e9n\u00e9gal, Mme de Moor a toutefois jug\u00e9 important de conclure un tel accord<br>Bes Bi<br><\/p>\n","protected":false},"excerpt":{"rendered":"<p>Bes-Bi- La ministre aupr\u00e8s du ministre des Affaires \u00e9trang\u00e8res, Annette Seck, a sign\u00e9 hier un accord avec la Secr\u00e9taire d\u2019\u00c9tat<\/p>\n","protected":false},"author":1,"featured_media":12294,"comment_status":"open","ping_status":"open","sticky":false,"template":"","format":"standard","meta":{"footnotes":""},"categories":[21],"tags":[],"class_list":["post-12293","post","type-post","status-publish","format-standard","has-post-thumbnail","hentry","category-societe"],"_links":{"self":[{"href":"https:\/\/dekkbi.com\/index.php?rest_route=\/wp\/v2\/posts\/12293","targetHints":{"allow":["GET"]}}],"collection":[{"href":"https:\/\/dekkbi.com\/index.php?rest_route=\/wp\/v2\/posts"}],"about":[{"href":"https:\/\/dekkbi.com\/index.php?rest_route=\/wp\/v2\/types\/post"}],"author":[{"embeddable":true,"href":"https:\/\/dekkbi.com\/index.php?rest_route=\/wp\/v2\/users\/1"}],"replies":[{"embeddable":true,"href":"https:\/\/dekkbi.com\/index.php?rest_route=%2Fwp%2Fv2%2Fcomments&post=12293"}],"version-history":[{"count":1,"href":"https:\/\/dekkbi.com\/index.php?rest_route=\/wp\/v2\/posts\/12293\/revisions"}],"predecessor-version":[{"id":12295,"href":"https:\/\/dekkbi.com\/index.php?rest_route=\/wp\/v2\/posts\/12293\/revisions\/12295"}],"wp:featuredmedia":[{"embeddable":true,"href":"https:\/\/dekkbi.com\/index.php?rest_route=\/wp\/v2\/media\/12294"}],"wp:attachment":[{"href":"https:\/\/dekkbi.com\/index.php?rest_route=%2Fwp%2Fv2%2Fmedia&parent=12293"}],"wp:term":[{"taxonomy":"category","embeddable":true,"href":"https:\/\/dekkbi.com\/index.php?rest_route=%2Fwp%2Fv2%2Fcategories&post=12293"},{"taxonomy":"post_tag","embeddable":true,"href":"https:\/\/dekkbi.com\/index.php?rest_route=%2Fwp%2Fv2%2Ftags&post=12293"}],"curies":[{"name":"wp","href":"https:\/\/api.w.org\/{rel}","templated":true}]}}