{"id":12260,"date":"2023-05-17T10:10:28","date_gmt":"2023-05-17T10:10:28","guid":{"rendered":"https:\/\/dekkbi.com\/?p=12260"},"modified":"2023-05-17T10:10:29","modified_gmt":"2023-05-17T10:10:29","slug":"obelisque-contre-le-refus-de-la-candidature-de-macky-doudou-ka-et-le-s24-repliquent-au-f24-le-27-mai","status":"publish","type":"post","link":"https:\/\/dekkbi.com\/?p=12260","title":{"rendered":"Ob\u00e9lisque \u2013 Contre le refus de la candidature de Macky: Doudou K\u00e2 et le S24 r\u00e9pliquent au F24 le 27 mai"},"content":{"rendered":"\n<p><strong>Un rassemblement national \u00e0 la Place de la Nation le samedi 27 mai prochain ! C\u2019est ce que la Convergence des d\u00e9mocrates pour la sauvegarde de la R\u00e9publique (S24), lanc\u00e9e par le ministre Doudou K\u00e2 et des partisans de Macky Sall, va organiser. L\u2019objectif est de \u00abrompre&nbsp;le silence lorsque les&nbsp;principes&nbsp;attach\u00e9s&nbsp;\u00e0la R\u00e9publique sont bafou\u00e9s\u00bb. Une mani\u00e8re de r\u00e9pondre \u00e0 la derni\u00e8re mobilisation, sur les m\u00eames lieux, du F24, oppos\u00e9 \u00e0 une candidature de Macky Sall.<\/strong><\/p>\n\n\n\n<p><strong>Par Malick GAYE \u2013<\/strong>&nbsp;La Convergence des d\u00e9mo\u00adcrates pour la sauvegarde de la R\u00e9publique&nbsp;(S24) va organiser un \u00abrassemblement&nbsp;national, un&nbsp;grand&nbsp;moment&nbsp;de v\u00e9rit\u00e9,&nbsp;le samedi 27 mai, pour faire barrage&nbsp;\u00e0&nbsp;ceux qui veulent consumer la R\u00e9publique\u00bb. Car \u00ab\u00eatre&nbsp;du bon c\u00f4t\u00e9 de l\u2019His\u00adtoire&nbsp;exige de&nbsp;rompre&nbsp;le silence lorsque les&nbsp;principes&nbsp;attach\u00e9s&nbsp;\u00e0 la R\u00e9publique sont ba\u00adfou\u00e9s\u00bb.&nbsp;Dans un communiqu\u00e9, Doudou K\u00e2, le pr\u00e9sident de la Coalition Doggu pour le grand S\u00e9n\u00e9gal, a pr\u00e9sent\u00e9 son analyse des tensions politiques que traverse le S\u00e9n\u00e9gal. \u00abJamais dans l\u2019histoire politique du S\u00e9n\u00e9gal, le suffrage universel n\u2019a \u00e9t\u00e9 aussi menac\u00e9 par ceux qui contestent la candidature du Pr\u00e9sident&nbsp;Macky Sall&nbsp;\u00e0 l\u2019\u00e9lection du 25 f\u00e9vrier 2024, avec un objectif double : ba\u00adfouer l\u2019int\u00e9grit\u00e9 du processus \u00e9lectoral et saper les fonde\u00adments de notre d\u00e9mo\u00adcra\u00adtie&nbsp;repr\u00e9sentative\u00bb, cons\u00adta\u00adte le ministre dans un commu\u00adniqu\u00e9.<\/p>\n\n\n\n<p>Pour lui, la d\u00e9termination \u00e0 d\u00e9fendre la stabilit\u00e9 du pays, le respect de sa Constitution et de ses institutions ne va pas faire d\u00e9faut. \u00abChaque propos ou acte du chef de l\u2019Etat est scrupuleusement scrut\u00e9, ana\u00adlys\u00e9 pour y d\u00e9celer le moindre indice sur l\u2019agenda d\u2019une candidature devenue le terrain d\u2019imagination d\u2019une opposition qui n\u2019a d\u2019autre programme que de lutter contre la candidature du Pr\u00e9sident&nbsp;Macky&nbsp;Sall,&nbsp;alors que rien dans la&nbsp;char\u00adte&nbsp;fon\u00addamentale s\u00e9n\u00e9galaise ne l\u2019emp\u00eache de briguer un second quinquennat, d\u2019\u00e9minents juris\u00adtes ont d\u00e9j\u00e0 tranch\u00e9 ce d\u00e9bat\u00bb, d\u00e9clare-t-il dans le document. D\u2019apr\u00e8s Doudou K\u00e2, Macky Sall est \u00able choix de la stabilit\u00e9 contre l\u2019aventurisme, le choix de la R\u00e9publique contre l\u2019obscurantisme, le choix de la d\u00e9mocratie contre l\u2019anarchie, le choix d\u2019un S\u00e9n\u00e9gal un et indivisible, fort et respect\u00e9 dans le monde, contre celui d\u2019un S\u00e9n\u00e9gal du populisme et de la radicalisation, repli\u00e9 sur lui-m\u00eame\u00bb.<\/p>\n\n\n\n<p>A cet effet, le S24 invite les S\u00e9n\u00e9galais \u00e0 \u00abrenouveler votre confiance au Pr\u00e9si\u00addent&nbsp;Ma\u00adcky&nbsp;Sall&nbsp;pour&nbsp;les valeurs qu\u2019il incarne, pour la&nbsp;cr\u00e9dibilit\u00e9 du projet d\u2019\u00e9mergence qu\u2019il porte face \u00e0 une opposition plus pr\u00e9occup\u00e9e par le sort judi\u00adciaire de ses leaders que par le futur du S\u00e9n\u00e9gal\u00bb, contre \u00ables promoteurs du chaos institu\u00adtionnel et social. Leur objectif est de d\u00e9faire la R\u00e9publique\u00bb. Une situation que Doudou K\u00e2 et les siens ne vont pas ac\u00adcepter. \u00abC\u2019est la raison d\u2019\u00eatre du&nbsp;S24&nbsp;qui est&nbsp;un front r\u00e9publicain&nbsp;face \u00e0 ceux qui veulent ab\u00eemer notre d\u00e9mo\u00adcratie en cassant les codes du suffrage universel\u00bb, souligne le communiqu\u00e9. Une mani\u00e8re de d\u00e9montrer que le S24 est le pendant au pouvoir, du F24, ce front qui rassemble tous ceux qui, pour des raisons diverses, d\u00e9clarent s\u2019opposer \u00e0 une nouvelle candidature de Macky Sall \u00e0 la Pr\u00e9sidence.<\/p>\n\n\n\n<p>Pour ce faire, le S24 se dit mobilis\u00e9 \u00abpour faire face \u00e0 l\u2019autoritarisme constitutionnel de ceux qui veulent substituer leur obsession anti-Ma\u00adcky\u00a0Sall\u00a0aux juridictions char\u00adg\u00e9es d\u2019arbitrer les\u00a0can\u00addida\u00adtures officielles \u00e0 l\u2019\u00e9lection pr\u00e9sidentielle de 2024\u00bb.\u00a0Reve\u00adnant sur la situation du pays, le S24 invite chaque r\u00e9publicain, au-del\u00e0 des chapelles politi\u00adques,\u00a0\u00a0\u00e0 se mettre \u00e0 la hauteur de l\u2019urgence de prot\u00e9ger le suffrage universel. Car\u00a0\u00abc\u2019est bien de cela qu\u2019il s\u2019agit. On ne peut invoquer l\u2019Etat\u00a0de Droit \u00e0 tout bout de champ et se r\u00e9fugier dans le silence lorsqu\u2019il est attaqu\u00e9 et me\u00adnac\u00e9\u00bb.<\/p>\n\n\n\n<p><br><strong>mgaye@lequotidien.sn<\/strong><\/p>\n\n\n\n<p><em>by<\/em>Lequotidien\u00a0<\/p>\n","protected":false},"excerpt":{"rendered":"<p>Un rassemblement national \u00e0 la Place de la Nation le samedi 27 mai prochain ! C\u2019est ce que la Convergence<\/p>\n","protected":false},"author":1,"featured_media":12261,"comment_status":"open","ping_status":"open","sticky":false,"template":"","format":"standard","meta":{"footnotes":""},"categories":[6],"tags":[],"class_list":["post-12260","post","type-post","status-publish","format-standard","has-post-thumbnail","hentry","category-politics"],"_links":{"self":[{"href":"https:\/\/dekkbi.com\/index.php?rest_route=\/wp\/v2\/posts\/12260","targetHints":{"allow":["GET"]}}],"collection":[{"href":"https:\/\/dekkbi.com\/index.php?rest_route=\/wp\/v2\/posts"}],"about":[{"href":"https:\/\/dekkbi.com\/index.php?rest_route=\/wp\/v2\/types\/post"}],"author":[{"embeddable":true,"href":"https:\/\/dekkbi.com\/index.php?rest_route=\/wp\/v2\/users\/1"}],"replies":[{"embeddable":true,"href":"https:\/\/dekkbi.com\/index.php?rest_route=%2Fwp%2Fv2%2Fcomments&post=12260"}],"version-history":[{"count":1,"href":"https:\/\/dekkbi.com\/index.php?rest_route=\/wp\/v2\/posts\/12260\/revisions"}],"predecessor-version":[{"id":12262,"href":"https:\/\/dekkbi.com\/index.php?rest_route=\/wp\/v2\/posts\/12260\/revisions\/12262"}],"wp:featuredmedia":[{"embeddable":true,"href":"https:\/\/dekkbi.com\/index.php?rest_route=\/wp\/v2\/media\/12261"}],"wp:attachment":[{"href":"https:\/\/dekkbi.com\/index.php?rest_route=%2Fwp%2Fv2%2Fmedia&parent=12260"}],"wp:term":[{"taxonomy":"category","embeddable":true,"href":"https:\/\/dekkbi.com\/index.php?rest_route=%2Fwp%2Fv2%2Fcategories&post=12260"},{"taxonomy":"post_tag","embeddable":true,"href":"https:\/\/dekkbi.com\/index.php?rest_route=%2Fwp%2Fv2%2Ftags&post=12260"}],"curies":[{"name":"wp","href":"https:\/\/api.w.org\/{rel}","templated":true}]}}