{"id":12217,"date":"2023-05-16T10:25:56","date_gmt":"2023-05-16T10:25:56","guid":{"rendered":"https:\/\/dekkbi.com\/?p=12217"},"modified":"2023-05-16T10:25:57","modified_gmt":"2023-05-16T10:25:57","slug":"manifestation-du-f24-yewwi-askan-wi-se-rejouit-de-la-mobilisation","status":"publish","type":"post","link":"https:\/\/dekkbi.com\/?p=12217","title":{"rendered":"Manifestation du F24 : Yewwi Askan Wi se r\u00e9jouit de la mobilisation"},"content":{"rendered":"\n<p>La conf\u00e9rence des leaders de Yewwi Askan Wi s&rsquo;est r\u00e9jouie de la mobilisation qui a marqu\u00e9 la premi\u00e8re manifestation organis\u00e9e par F24 le 12 mai 2023 sur la place de la nation. Selon le document de la coalition parcouru par Seneweb, la mobilisation \u00ab massive refl\u00e8te l&rsquo;engagement constant de nos compatriotes envers les principes r\u00e9publicains, l&rsquo;\u00c9tat de droit et la d\u00e9mocratie, soulignant leur rejet absolu de toute pr\u00e9tention \u00e0 briguer un troisi\u00e8me mandat, jug\u00e9 \u00e0 la fois immoral et ill\u00e9gal \u00bb.<br>La coalition a \u00e9galement rappel\u00e9 son adh\u00e9sion sans concession \u00e0 une d\u00e9mocratie ouverte et inclusive, rejetant fermement toute instrumentalisation de la justice et les artifices juridiques visant \u00e0 \u00e9liminer les adversaires politiques. Dans le communiqu\u00e9, les leaders de Yewwi Askan Wi ont d\u00e9clar\u00e9 : \u00ab\u00a0Nos compatriotes ont exprim\u00e9 leur rejet total de toute pr\u00e9tention \u00e0 vouloir briguer un troisi\u00e8me mandat \u00e0 la fois immoral et ill\u00e9gal. En outre, ils ont rappel\u00e9 leur adh\u00e9sion sans concession \u00e0 une d\u00e9mocratie ouverte et inclusive de m\u00eame qu&rsquo;un rejet des \u00e9liminations des adversaires politiques par l&rsquo;instrumentalisation de la justice ou par des artifices juridiques.\u00a0\u00bbLa coalition a d\u00e9nonc\u00e9 les actions du gouvernement actuel, d\u00e9clarant que les forces du mal repr\u00e9sent\u00e9es par Macky Sall et son pouvoir continuent de d\u00e9fier la volont\u00e9 populaire. Ils ont soulign\u00e9 que le \u00ab complot \u00bb contre Ousmane Sonko, transform\u00e9 maladroitement en une affaire judiciaire, a \u00e9t\u00e9 d\u00e9nonc\u00e9 par tous les segments du peuple s\u00e9n\u00e9galais. Les leaders de Yewwi Askan Wi ont exprim\u00e9 leur frustration envers le pr\u00e9sident Sall, s&rsquo;interrogeant sur son incapacit\u00e9 \u00e0 comprendre que dans une r\u00e9publique, le jugement en dernier ressort appartient au peuple.La coalition a r\u00e9affirm\u00e9 son engagement aux c\u00f4t\u00e9s d\u2019Ousmane Sonko, d\u00e9clarant : \u00ab\u00a0Aussi, comme \u00e0 l&rsquo;accoutum\u00e9e, la coalition Yaw s&rsquo;\u00e9rigera en sentinelle aux c\u00f4t\u00e9s du Pr\u00e9sident Ousmane Sonko pour mettre \u00e0 nu et faire \u00e9chouer le projet funeste de Macky Sall d&#8217;emp\u00eacher sa candidature \u00e0 l&rsquo;\u00e9lection pr\u00e9sidentielle de 2024.\u00a0\u00bb Ils ont \u00e9galement exprim\u00e9 leur soutien total \u00e0 Khalifa Sall, soulignant son r\u00f4le de pilier dans la lutte pour la d\u00e9mocratie au S\u00e9n\u00e9gal.La conf\u00e9rence des leaders a lanc\u00e9 un appel aux militants et sympathisants de Yewwi Askan Wi, les exhortant \u00e0 cultiver l&rsquo;esprit de solidarit\u00e9 et \u00e0 agir avec raison. Ils ont voulu rassurer les S\u00e9n\u00e9galais qui placent une esp\u00e9rance en la coalition Yaw, soulignant que les fondements de leur unit\u00e9 sont solides et ne sauraient \u00eatre fissur\u00e9s par des \u00e9v\u00e9nements circonstanciels parfaitement ma\u00eetris\u00e9s.<\/p>\n\n\n\n<p>Source &#8211; seneweb<\/p>\n","protected":false},"excerpt":{"rendered":"<p>La conf\u00e9rence des leaders de Yewwi Askan Wi s&rsquo;est r\u00e9jouie de la mobilisation qui a marqu\u00e9 la premi\u00e8re manifestation organis\u00e9e<\/p>\n","protected":false},"author":1,"featured_media":12218,"comment_status":"open","ping_status":"open","sticky":false,"template":"","format":"standard","meta":{"footnotes":""},"categories":[6],"tags":[],"class_list":["post-12217","post","type-post","status-publish","format-standard","has-post-thumbnail","hentry","category-politics"],"_links":{"self":[{"href":"https:\/\/dekkbi.com\/index.php?rest_route=\/wp\/v2\/posts\/12217","targetHints":{"allow":["GET"]}}],"collection":[{"href":"https:\/\/dekkbi.com\/index.php?rest_route=\/wp\/v2\/posts"}],"about":[{"href":"https:\/\/dekkbi.com\/index.php?rest_route=\/wp\/v2\/types\/post"}],"author":[{"embeddable":true,"href":"https:\/\/dekkbi.com\/index.php?rest_route=\/wp\/v2\/users\/1"}],"replies":[{"embeddable":true,"href":"https:\/\/dekkbi.com\/index.php?rest_route=%2Fwp%2Fv2%2Fcomments&post=12217"}],"version-history":[{"count":1,"href":"https:\/\/dekkbi.com\/index.php?rest_route=\/wp\/v2\/posts\/12217\/revisions"}],"predecessor-version":[{"id":12219,"href":"https:\/\/dekkbi.com\/index.php?rest_route=\/wp\/v2\/posts\/12217\/revisions\/12219"}],"wp:featuredmedia":[{"embeddable":true,"href":"https:\/\/dekkbi.com\/index.php?rest_route=\/wp\/v2\/media\/12218"}],"wp:attachment":[{"href":"https:\/\/dekkbi.com\/index.php?rest_route=%2Fwp%2Fv2%2Fmedia&parent=12217"}],"wp:term":[{"taxonomy":"category","embeddable":true,"href":"https:\/\/dekkbi.com\/index.php?rest_route=%2Fwp%2Fv2%2Fcategories&post=12217"},{"taxonomy":"post_tag","embeddable":true,"href":"https:\/\/dekkbi.com\/index.php?rest_route=%2Fwp%2Fv2%2Ftags&post=12217"}],"curies":[{"name":"wp","href":"https:\/\/api.w.org\/{rel}","templated":true}]}}