{"id":12190,"date":"2023-05-16T09:05:47","date_gmt":"2023-05-16T09:05:47","guid":{"rendered":"https:\/\/dekkbi.com\/?p=12190"},"modified":"2023-05-16T09:05:48","modified_gmt":"2023-05-16T09:05:48","slug":"manifestations-apres-le-policier-deux-autres-morts-enregistres-antoine-diome","status":"publish","type":"post","link":"https:\/\/dekkbi.com\/?p=12190","title":{"rendered":"Manifestations : Apr\u00e8s le policier, deux autres morts enregistr\u00e9s (Antoine Diome)"},"content":{"rendered":"\n<p>Apr\u00e8s le policier Khassim Di\u00e9dhiou, mort hier \u00e0 Ziguinchor, le minist\u00e8re de l\u2019Int\u00e9rieur vient d\u2019annoncer deux nouveaux d\u00e9c\u00e8s dans les manifestations d&rsquo;hier.&nbsp;Dans un communiqu\u00e9 parcouru par la r\u00e9daction d\u2019IGFM, le ministre informe que l&rsquo;une des victimes s&rsquo;appelle Pape Amadou Keita. Il a \u201csuccomb\u00e9 d\u2019une blessure \u00e0 l\u2019arme blanche \u00e0 Keur Mbaye Fall\u201d. L\u2019autre victime d\u00e9c\u00e9d\u00e9e \u00ab\u00a0au quartier N\u00e9ma 2 de Ziguinchor n\u2019a pas encore \u00e9t\u00e9 identifi\u00e9e\u00a0\u00bb, informe la m\u00eame source. Ci-dessous le texte int\u00e9gral.<\/p>\n\n\n\n<p>\u00ab\u00a0Le Ministre de l&rsquo;Int\u00e9rieur a \u00e9t\u00e9 inform\u00e9 de la d\u00e9couverte des corps sans vie de deux (02) jeunes, ce lundi 15 mai 2023. En effet :<br><br>&#8211; il s&rsquo;agit de Pape Amadou KEITA, qui d&rsquo;apr\u00e8s les informations re\u00e7ues, aurait succomb\u00e9 des suites d&rsquo;une blessure par arme blanche \u00e0 Keur Mbaye Fall (Dakar);<br><br>&#8211; et d&rsquo;une personne non encore identifi\u00e9e, d\u00e9c\u00e9d\u00e9e \u00e0 N\u00e9ma2 (Ziguinchor).<br><br>Au nom de Monsieur le Pr\u00e9sident de la R\u00e9publique, Son Excellence Macky SALL le Ministre de l&rsquo;Int\u00e9rieur pr\u00e9sente ses sinc\u00e8res condol\u00e9ances aux familles \u00e9plor\u00e9es.<br><br>Par ailleurs, Monsieur le Ministre exhorte vivement les parents \u00e0 \u00e9viter que leurs enfants ne participent \u00e0 des manifestations violentes, car elles sont souvent le terrain de pr\u00e9dilection d&rsquo;individus malveillants qui en profitent pour commettre des agressions, des vols, des pillages et autres actes de vandalisme .\u00a0\u00bb<\/p>\n\n\n\n<p>Source &#8211; iGFM<\/p>\n","protected":false},"excerpt":{"rendered":"<p>Apr\u00e8s le policier Khassim Di\u00e9dhiou, mort hier \u00e0 Ziguinchor, le minist\u00e8re de l\u2019Int\u00e9rieur vient d\u2019annoncer deux nouveaux d\u00e9c\u00e8s dans les<\/p>\n","protected":false},"author":1,"featured_media":12191,"comment_status":"open","ping_status":"open","sticky":false,"template":"","format":"standard","meta":{"footnotes":""},"categories":[21],"tags":[],"class_list":["post-12190","post","type-post","status-publish","format-standard","has-post-thumbnail","hentry","category-societe"],"_links":{"self":[{"href":"https:\/\/dekkbi.com\/index.php?rest_route=\/wp\/v2\/posts\/12190","targetHints":{"allow":["GET"]}}],"collection":[{"href":"https:\/\/dekkbi.com\/index.php?rest_route=\/wp\/v2\/posts"}],"about":[{"href":"https:\/\/dekkbi.com\/index.php?rest_route=\/wp\/v2\/types\/post"}],"author":[{"embeddable":true,"href":"https:\/\/dekkbi.com\/index.php?rest_route=\/wp\/v2\/users\/1"}],"replies":[{"embeddable":true,"href":"https:\/\/dekkbi.com\/index.php?rest_route=%2Fwp%2Fv2%2Fcomments&post=12190"}],"version-history":[{"count":1,"href":"https:\/\/dekkbi.com\/index.php?rest_route=\/wp\/v2\/posts\/12190\/revisions"}],"predecessor-version":[{"id":12192,"href":"https:\/\/dekkbi.com\/index.php?rest_route=\/wp\/v2\/posts\/12190\/revisions\/12192"}],"wp:featuredmedia":[{"embeddable":true,"href":"https:\/\/dekkbi.com\/index.php?rest_route=\/wp\/v2\/media\/12191"}],"wp:attachment":[{"href":"https:\/\/dekkbi.com\/index.php?rest_route=%2Fwp%2Fv2%2Fmedia&parent=12190"}],"wp:term":[{"taxonomy":"category","embeddable":true,"href":"https:\/\/dekkbi.com\/index.php?rest_route=%2Fwp%2Fv2%2Fcategories&post=12190"},{"taxonomy":"post_tag","embeddable":true,"href":"https:\/\/dekkbi.com\/index.php?rest_route=%2Fwp%2Fv2%2Ftags&post=12190"}],"curies":[{"name":"wp","href":"https:\/\/api.w.org\/{rel}","templated":true}]}}