{"id":12126,"date":"2023-05-15T10:16:00","date_gmt":"2023-05-15T10:16:00","guid":{"rendered":"https:\/\/dekkbi.com\/?p=12126"},"modified":"2023-05-15T10:16:00","modified_gmt":"2023-05-15T10:16:00","slug":"refus-de-porter-le-maillot-arc-en-ciel-legyptien-mostafa-mohamed-se-justifie","status":"publish","type":"post","link":"https:\/\/dekkbi.com\/?p=12126","title":{"rendered":"Refus de porter le maillot ARC-EN-CIEL : l&rsquo;\u00c9gyptien, Mostafa Mohamed, se justifie"},"content":{"rendered":"\n<p>Dans un message post\u00e9 sur Twitter, le joueur du FC Nantes Mostafa Mohamed a justifi\u00e9 son absence face \u00e0 Toulouse dimanche lors de la 35e journ\u00e9e de Ligue 1. Pour lui, il n&rsquo;\u00e9tait \u00ab\u00a0pas possible\u00a0\u00bb de participer \u00e0 la campagne contre l&rsquo;homophobie. \u00ab\u00a0J\u2019esp\u00e8re que ma d\u00e9cision sera respect\u00e9e, tout comme mon souhait de ne pas pol\u00e9miquer \u00e0 ce sujet\u00a0\u00bb, a-t-il ajout\u00e9.<\/p>\n\n\n\n<p>Mostafa Mohamed a d\u00e9cid\u00e9 de sortir du silence. Au lendemain de son absence lors du match entre Toulouse et le FC Nantes, un match qui s&rsquo;est jou\u00e9 dimanche sous le signe de la lutte contre l&rsquo;homophobie, l&rsquo;attaquant nantais a assur\u00e9 ne pas \u00ab\u00a0vouloir pol\u00e9miquer\u00a0\u00bb. \u00ab\u00a0Mais je me dois de faire part de ma position\u00a0\u00bb, a-t-il \u00e9galement pr\u00e9cis\u00e9, se justifiant donc de ce choix.<br><br>\u00ab\u00a0Le respect des diff\u00e9rences, ce serait le respect de l&rsquo;autre, le respect de soi, le respect de ce qui sera mis en commun et de ce qui restera diff\u00e9rent, a-t-il \u00e9crit sur Twitter. Je respecte toutes les diff\u00e9rences. Je respecte toutes les croyances et toutes les convictions. Ce respect s&rsquo;\u00e9tend aux autres mais comprend \u00e9galement le respect de mes croyances personnelles. Vu mes racines, ma culture, l\u2019importance des mes convictions et croyances, il n\u2019\u00e9tait pas possible pour moi de participer \u00e0 cette campagne.\u00a0\u00bb<\/p>\n\n\n\n<p>Source &#8211; iGFM<\/p>\n","protected":false},"excerpt":{"rendered":"<p>Dans un message post\u00e9 sur Twitter, le joueur du FC Nantes Mostafa Mohamed a justifi\u00e9 son absence face \u00e0 Toulouse<\/p>\n","protected":false},"author":1,"featured_media":12127,"comment_status":"open","ping_status":"open","sticky":false,"template":"","format":"standard","meta":{"footnotes":""},"categories":[9],"tags":[],"class_list":["post-12126","post","type-post","status-publish","format-standard","has-post-thumbnail","hentry","category-sports"],"_links":{"self":[{"href":"https:\/\/dekkbi.com\/index.php?rest_route=\/wp\/v2\/posts\/12126","targetHints":{"allow":["GET"]}}],"collection":[{"href":"https:\/\/dekkbi.com\/index.php?rest_route=\/wp\/v2\/posts"}],"about":[{"href":"https:\/\/dekkbi.com\/index.php?rest_route=\/wp\/v2\/types\/post"}],"author":[{"embeddable":true,"href":"https:\/\/dekkbi.com\/index.php?rest_route=\/wp\/v2\/users\/1"}],"replies":[{"embeddable":true,"href":"https:\/\/dekkbi.com\/index.php?rest_route=%2Fwp%2Fv2%2Fcomments&post=12126"}],"version-history":[{"count":1,"href":"https:\/\/dekkbi.com\/index.php?rest_route=\/wp\/v2\/posts\/12126\/revisions"}],"predecessor-version":[{"id":12128,"href":"https:\/\/dekkbi.com\/index.php?rest_route=\/wp\/v2\/posts\/12126\/revisions\/12128"}],"wp:featuredmedia":[{"embeddable":true,"href":"https:\/\/dekkbi.com\/index.php?rest_route=\/wp\/v2\/media\/12127"}],"wp:attachment":[{"href":"https:\/\/dekkbi.com\/index.php?rest_route=%2Fwp%2Fv2%2Fmedia&parent=12126"}],"wp:term":[{"taxonomy":"category","embeddable":true,"href":"https:\/\/dekkbi.com\/index.php?rest_route=%2Fwp%2Fv2%2Fcategories&post=12126"},{"taxonomy":"post_tag","embeddable":true,"href":"https:\/\/dekkbi.com\/index.php?rest_route=%2Fwp%2Fv2%2Ftags&post=12126"}],"curies":[{"name":"wp","href":"https:\/\/api.w.org\/{rel}","templated":true}]}}