{"id":12054,"date":"2023-05-13T08:54:37","date_gmt":"2023-05-13T08:54:37","guid":{"rendered":"https:\/\/dekkbi.com\/?p=12054"},"modified":"2023-05-13T08:54:37","modified_gmt":"2023-05-13T08:54:37","slug":"itv-serigne-modou-bousso-dieng-la-politique-a-assez-pollue-notre-environnementil-est-temps-de-donner-du-temps-au-secteur-de-leconomie","status":"publish","type":"post","link":"https:\/\/dekkbi.com\/?p=12054","title":{"rendered":"ITV &#8211; SERIGNE MODOU BOUSSO DIENG : \u00ab La politique a assez pollu\u00e9 notre environnement\u2026Il est temps de donner du temps au secteur de l\u2019\u00e9conomie \u00bb"},"content":{"rendered":"\n<p>Leader politique et chef de parti, Serigne Modou Bousso Dieng estime d\u00e9sormais que le combat du S\u00e9n\u00e9galais devrait  \u00eatre plus \u00e9conomique que politique. En tourn\u00e9e dans le pays pour soutenir Abdoulaye Sylla ( PDG Ecotra) dans le combat qu\u2019il m\u00e8ne pour revendiquer la pr\u00e9f\u00e9rence nationale et exiger que la commande publique soit essentiellement confi\u00e9e aux entreprises priv\u00e9es S\u00e9n\u00e9galaises, le chef religieux confiera avoir compl\u00e8tement chang\u00e9 de fusil d\u2019\u00e9paule sur ce chapitre. \u00ab La politique n\u2019est pas la chose la plus essentielle dans la vie des citoyens. Elle est jalonn\u00e9e de p\u00e9rip\u00e9ties encombrantes et parfois d\u00e9gradantes. Il est temps de donner du temps et de l\u2019\u00e9nergie au secteur de l\u2019\u00e9conomie. La politique est sale et on ne cogite, malheureusement, qu\u2019autour d\u2019arrestations, de lib\u00e9rations, de manifestations alors qu\u2019il y a plus important \u00bb. Apr\u00e8s avoir fait des localit\u00e9s comme V\u00e9lingara, Oussouye, Ziguinchor et Tamba, Serigne Modou Bousso Dieng regrettera le retard \u00e9conomique accus\u00e9 et le ch\u00f4mage qui secoue la jeunesse. \u00ab Ce que j\u2019ai vu dans le S\u00e9n\u00e9gal Oriental est d\u00e9cevant. C\u2019est d\u2019ailleurs  la raison pour laquelle j\u2019ai d\u00e9cid\u00e9 de travailler encore plus pour aider les jeunes \u00e0 s\u2019\u00e9manciper \u00bb.<\/p>\n\n\n\n<p> DakarActu <\/p>\n","protected":false},"excerpt":{"rendered":"<p>Leader politique et chef de parti, Serigne Modou Bousso Dieng estime d\u00e9sormais que le combat du S\u00e9n\u00e9galais devrait \u00eatre plus<\/p>\n","protected":false},"author":1,"featured_media":5331,"comment_status":"open","ping_status":"open","sticky":false,"template":"","format":"standard","meta":{"footnotes":""},"categories":[3],"tags":[],"class_list":["post-12054","post","type-post","status-publish","format-standard","has-post-thumbnail","hentry","category-event-more-news"],"_links":{"self":[{"href":"https:\/\/dekkbi.com\/index.php?rest_route=\/wp\/v2\/posts\/12054","targetHints":{"allow":["GET"]}}],"collection":[{"href":"https:\/\/dekkbi.com\/index.php?rest_route=\/wp\/v2\/posts"}],"about":[{"href":"https:\/\/dekkbi.com\/index.php?rest_route=\/wp\/v2\/types\/post"}],"author":[{"embeddable":true,"href":"https:\/\/dekkbi.com\/index.php?rest_route=\/wp\/v2\/users\/1"}],"replies":[{"embeddable":true,"href":"https:\/\/dekkbi.com\/index.php?rest_route=%2Fwp%2Fv2%2Fcomments&post=12054"}],"version-history":[{"count":1,"href":"https:\/\/dekkbi.com\/index.php?rest_route=\/wp\/v2\/posts\/12054\/revisions"}],"predecessor-version":[{"id":12055,"href":"https:\/\/dekkbi.com\/index.php?rest_route=\/wp\/v2\/posts\/12054\/revisions\/12055"}],"wp:featuredmedia":[{"embeddable":true,"href":"https:\/\/dekkbi.com\/index.php?rest_route=\/wp\/v2\/media\/5331"}],"wp:attachment":[{"href":"https:\/\/dekkbi.com\/index.php?rest_route=%2Fwp%2Fv2%2Fmedia&parent=12054"}],"wp:term":[{"taxonomy":"category","embeddable":true,"href":"https:\/\/dekkbi.com\/index.php?rest_route=%2Fwp%2Fv2%2Fcategories&post=12054"},{"taxonomy":"post_tag","embeddable":true,"href":"https:\/\/dekkbi.com\/index.php?rest_route=%2Fwp%2Fv2%2Ftags&post=12054"}],"curies":[{"name":"wp","href":"https:\/\/api.w.org\/{rel}","templated":true}]}}