{"id":12044,"date":"2023-05-13T08:46:34","date_gmt":"2023-05-13T08:46:34","guid":{"rendered":"https:\/\/dekkbi.com\/?p=12044"},"modified":"2023-05-13T08:46:34","modified_gmt":"2023-05-13T08:46:34","slug":"rassemblement-du-f24-khalifa-sall-hue-a-la-place-de-la-nation","status":"publish","type":"post","link":"https:\/\/dekkbi.com\/?p=12044","title":{"rendered":"Rassemblement du F24: Khalifa Sall hu\u00e9 \u00e0 la Place de la Nation"},"content":{"rendered":"\n<p>Le leader du Mouvement Taxawu S\u00e9n\u00e9gal, Khalifa Sall a \u00e9t\u00e9 hu\u00e9 lors du rassemblement du F24, vendredi, \u00e0 la Place de la Nation.Tr\u00e8s en col\u00e8re, D\u00e9thi\u00e9 Fall, a pris le micro central pour calmer les manifestants. \u201cRespectez Khalifa Sall, respectez-le pour avoir r\u00e9ussi \u00e0 r\u00e9unir les leaders qui composent Yewwi Askan Wi, respectez-le pour ce qu\u2019il a endur\u00e9 pour le peuple\u201d, a t-il d\u00e9clar\u00e9.Mais ses propos sont tomb\u00e9s dans l&rsquo;oreille d&rsquo;un sourd, car il a fallu l\u2019intervention de Cheikh Bara Ndiaye qui, selon lui, transmet le message de Ousmane Sonko, demandant \u00e0 ses militants de cesser les \u201cperturbations\u201d.<\/p>\n\n\n\n<p>SOURCE LERAL<\/p>\n","protected":false},"excerpt":{"rendered":"<p>Le leader du Mouvement Taxawu S\u00e9n\u00e9gal, Khalifa Sall a \u00e9t\u00e9 hu\u00e9 lors du rassemblement du F24, vendredi, \u00e0 la Place<\/p>\n","protected":false},"author":1,"featured_media":12045,"comment_status":"open","ping_status":"open","sticky":false,"template":"","format":"standard","meta":{"footnotes":""},"categories":[6],"tags":[],"class_list":["post-12044","post","type-post","status-publish","format-standard","has-post-thumbnail","hentry","category-politics"],"_links":{"self":[{"href":"https:\/\/dekkbi.com\/index.php?rest_route=\/wp\/v2\/posts\/12044","targetHints":{"allow":["GET"]}}],"collection":[{"href":"https:\/\/dekkbi.com\/index.php?rest_route=\/wp\/v2\/posts"}],"about":[{"href":"https:\/\/dekkbi.com\/index.php?rest_route=\/wp\/v2\/types\/post"}],"author":[{"embeddable":true,"href":"https:\/\/dekkbi.com\/index.php?rest_route=\/wp\/v2\/users\/1"}],"replies":[{"embeddable":true,"href":"https:\/\/dekkbi.com\/index.php?rest_route=%2Fwp%2Fv2%2Fcomments&post=12044"}],"version-history":[{"count":1,"href":"https:\/\/dekkbi.com\/index.php?rest_route=\/wp\/v2\/posts\/12044\/revisions"}],"predecessor-version":[{"id":12046,"href":"https:\/\/dekkbi.com\/index.php?rest_route=\/wp\/v2\/posts\/12044\/revisions\/12046"}],"wp:featuredmedia":[{"embeddable":true,"href":"https:\/\/dekkbi.com\/index.php?rest_route=\/wp\/v2\/media\/12045"}],"wp:attachment":[{"href":"https:\/\/dekkbi.com\/index.php?rest_route=%2Fwp%2Fv2%2Fmedia&parent=12044"}],"wp:term":[{"taxonomy":"category","embeddable":true,"href":"https:\/\/dekkbi.com\/index.php?rest_route=%2Fwp%2Fv2%2Fcategories&post=12044"},{"taxonomy":"post_tag","embeddable":true,"href":"https:\/\/dekkbi.com\/index.php?rest_route=%2Fwp%2Fv2%2Ftags&post=12044"}],"curies":[{"name":"wp","href":"https:\/\/api.w.org\/{rel}","templated":true}]}}