{"id":12041,"date":"2023-05-13T08:44:11","date_gmt":"2023-05-13T08:44:11","guid":{"rendered":"https:\/\/dekkbi.com\/?p=12041"},"modified":"2023-05-13T08:44:12","modified_gmt":"2023-05-13T08:44:12","slug":"decret-presidentiel-macky-sall-suspend-exceptionnellement-les-departs-a-la-retraite-des-personnels-militaires-des-armees","status":"publish","type":"post","link":"https:\/\/dekkbi.com\/?p=12041","title":{"rendered":"D\u00e9cret pr\u00e9sidentiel: Macky Sall suspend exceptionnellement les d\u00e9parts \u00e0 la retraite des personnels militaires des arm\u00e9es"},"content":{"rendered":"\n<p>Le pr\u00e9sident de la R\u00e9publique, Macky Sall, a sign\u00e9 le d\u00e9cret n\u00b02023-1007 le 8 mai 2023, suspendant exceptionnellement les d\u00e9parts \u00e0 la retraite des personnels militaires des arm\u00e9es pendant la p\u00e9riode allant du 1er juillet 2023 au 30 juin 2024.Conform\u00e9ment au contenu du d\u00e9cret, le ministre des Forces arm\u00e9es et le ministre des Finances et du Budget ont \u00e9t\u00e9 charg\u00e9s, chacun en ce qui le concerne, de mettre en \u0153uvre les dispositions de ce texte officiel.Le d\u00e9cret sera par ailleurs publi\u00e9 au journal officiel pour en assurer une large diffusion.D\u00e9cret pr\u00e9sidentiel: Macky Sall suspend exceptionnellement les d\u00e9parts \u00e0 la retraite des personnels militaires des arm\u00e9esD\u00e9cret pr\u00e9sidentiel: Macky Sall suspend exceptionnellement les d\u00e9parts \u00e0 la retraite des personnels militaires des arm\u00e9es<\/p>\n","protected":false},"excerpt":{"rendered":"<p>Le pr\u00e9sident de la R\u00e9publique, Macky Sall, a sign\u00e9 le d\u00e9cret n\u00b02023-1007 le 8 mai 2023, suspendant exceptionnellement les d\u00e9parts<\/p>\n","protected":false},"author":1,"featured_media":12042,"comment_status":"open","ping_status":"open","sticky":false,"template":"","format":"standard","meta":{"footnotes":""},"categories":[6],"tags":[],"class_list":["post-12041","post","type-post","status-publish","format-standard","has-post-thumbnail","hentry","category-politics"],"_links":{"self":[{"href":"https:\/\/dekkbi.com\/index.php?rest_route=\/wp\/v2\/posts\/12041","targetHints":{"allow":["GET"]}}],"collection":[{"href":"https:\/\/dekkbi.com\/index.php?rest_route=\/wp\/v2\/posts"}],"about":[{"href":"https:\/\/dekkbi.com\/index.php?rest_route=\/wp\/v2\/types\/post"}],"author":[{"embeddable":true,"href":"https:\/\/dekkbi.com\/index.php?rest_route=\/wp\/v2\/users\/1"}],"replies":[{"embeddable":true,"href":"https:\/\/dekkbi.com\/index.php?rest_route=%2Fwp%2Fv2%2Fcomments&post=12041"}],"version-history":[{"count":1,"href":"https:\/\/dekkbi.com\/index.php?rest_route=\/wp\/v2\/posts\/12041\/revisions"}],"predecessor-version":[{"id":12043,"href":"https:\/\/dekkbi.com\/index.php?rest_route=\/wp\/v2\/posts\/12041\/revisions\/12043"}],"wp:featuredmedia":[{"embeddable":true,"href":"https:\/\/dekkbi.com\/index.php?rest_route=\/wp\/v2\/media\/12042"}],"wp:attachment":[{"href":"https:\/\/dekkbi.com\/index.php?rest_route=%2Fwp%2Fv2%2Fmedia&parent=12041"}],"wp:term":[{"taxonomy":"category","embeddable":true,"href":"https:\/\/dekkbi.com\/index.php?rest_route=%2Fwp%2Fv2%2Fcategories&post=12041"},{"taxonomy":"post_tag","embeddable":true,"href":"https:\/\/dekkbi.com\/index.php?rest_route=%2Fwp%2Fv2%2Ftags&post=12041"}],"curies":[{"name":"wp","href":"https:\/\/api.w.org\/{rel}","templated":true}]}}