{"id":12034,"date":"2023-05-12T13:53:37","date_gmt":"2023-05-12T13:53:37","guid":{"rendered":"https:\/\/dekkbi.com\/?p=12034"},"modified":"2023-05-12T13:53:38","modified_gmt":"2023-05-12T13:53:38","slug":"l1-psg-messi-titulaire-contre-ajaccio-selon-galtier","status":"publish","type":"post","link":"https:\/\/dekkbi.com\/?p=12034","title":{"rendered":"L1 &#8211; PSG: Messi titulaire contre Ajaccio, selon Galtier"},"content":{"rendered":"\n<p>Lionel Messi \u00ab\u00a0va d\u00e9marrer\u00a0\u00bb le match samedi (21H00) contre Ajaccio, apr\u00e8s sa suspension li\u00e9e \u00e0 son voyage en Arabie Saoudite effectu\u00e9 sans l&rsquo;aval du club, a annonc\u00e9 vendredi l&rsquo;entraineur du PSG Christophe Galtier.<\/p>\n\n\n\n<p>\u00ab\u00a0\u00c9videmment que j&rsquo;ai parl\u00e9 avec Leo de son retour avec nous, je l&rsquo;ai trouv\u00e9 tr\u00e8s serein, tr\u00e8s motiv\u00e9 \u00e0 jouer, tr\u00e8s d\u00e9terminer \u00e0 glaner encore un titre de champion de France (&#8230;). Oui Leo va d\u00e9marrer demain\u00a0\u00bb, samedi, a indiqu\u00e9 l&rsquo;entraineur parisien lors de la conf\u00e9rence de presse d&rsquo;avant-match.<\/p>\n\n\n\n<p>\u00ab\u00a0Concernant la sanction, comme je l&rsquo;avais dit la semaine derni\u00e8re, je ne la commente pas. Par contre, on a, avec plaisir, accueilli le retour de Leo. Il s&rsquo;est entra\u00een\u00e9 tout au long de la semaine avec beaucoup d&rsquo;envie et de d\u00e9termination. Avec une envie de jouer pour l&rsquo;\u00e9quipe\u00a0\u00bb, a-t-il ajout\u00e9.<\/p>\n\n\n\n<p>Lundi, la star argentine a fait son retour \u00e0 l&rsquo;entrainement au Camp des Loges et a repris ensuite l&rsquo;entrainement collectif.<\/p>\n\n\n\n<p>Sa mise \u00e0 l&rsquo;\u00e9cart a finalement dur\u00e9 six jours. Il avait \u00e9t\u00e9 suspendu mardi par le PSG apr\u00e8s un voyage promotionnel non autoris\u00e9 en Arabie Saoudite, pour lequel la \u00ab\u00a0Pulga\u00a0\u00bb s&rsquo;est excus\u00e9e dans une courte vid\u00e9o post\u00e9e sur Instagram.<\/p>\n\n\n\n<p>\u00ab\u00a0Je m&rsquo;excuse aupr\u00e8s de mes co\u00e9quipiers et j&rsquo;attends la d\u00e9cision du club. Je demande pardon \u00e0 mes partenaires et au club\u00a0\u00bb, avait-il expliqu\u00e9.<\/p>\n\n\n\n<p>Messi, qui a manqu\u00e9 la victoire \u00e0 Troyes (3-1) dimanche, est aux portes d&rsquo;un second titre de champion de France, Paris comptant six points d&rsquo;avance sur Lens (2e) \u00e0 quatre journ\u00e9es de la fin de la saison.<\/p>\n\n\n\n<p>En fin de contrat avec Paris, Messi (35 ans) pourrait bient\u00f4t rejoindre la tr\u00e8s lucrative Arabie saoudite, o\u00f9 une offre \u00ab\u00a0\u00e9norme\u00a0\u00bb lui a \u00e9t\u00e9 soumise.<\/p>\n\n\n\n<p>Le recrutement de la \u00ab\u00a0Pulga\u00a0\u00bb, par le fonds souverain saoudien (PIF) et pour un club encore non d\u00e9termin\u00e9, est \u00ab\u00a0une affaire conclue\u00a0\u00bb, a affirm\u00e9 mardi \u00e0 l&rsquo;AFP une source \u00e0 Ryad proche des n\u00e9gociations, \u00e9voquant \u00ab\u00a0quelques d\u00e9tails\u00a0\u00bb \u00e0 r\u00e9gler.<\/p>\n\n\n\n<p>Le p\u00e8re de l&rsquo;attaquant, Jorge Messi, a toutefois assur\u00e9 le m\u00eame jour qu&rsquo;il n&rsquo;y avait encore \u00ab\u00a0rien de verbal, rien de sign\u00e9, pas d&rsquo;accord\u00a0\u00bb.<\/p>\n\n\n\n<p>SOURCE AFP<\/p>\n","protected":false},"excerpt":{"rendered":"<p>Lionel Messi \u00ab\u00a0va d\u00e9marrer\u00a0\u00bb le match samedi (21H00) contre Ajaccio, apr\u00e8s sa suspension li\u00e9e \u00e0 son voyage en Arabie Saoudite<\/p>\n","protected":false},"author":1,"featured_media":11775,"comment_status":"open","ping_status":"open","sticky":false,"template":"","format":"standard","meta":{"footnotes":""},"categories":[9],"tags":[],"class_list":["post-12034","post","type-post","status-publish","format-standard","has-post-thumbnail","hentry","category-sports"],"_links":{"self":[{"href":"https:\/\/dekkbi.com\/index.php?rest_route=\/wp\/v2\/posts\/12034","targetHints":{"allow":["GET"]}}],"collection":[{"href":"https:\/\/dekkbi.com\/index.php?rest_route=\/wp\/v2\/posts"}],"about":[{"href":"https:\/\/dekkbi.com\/index.php?rest_route=\/wp\/v2\/types\/post"}],"author":[{"embeddable":true,"href":"https:\/\/dekkbi.com\/index.php?rest_route=\/wp\/v2\/users\/1"}],"replies":[{"embeddable":true,"href":"https:\/\/dekkbi.com\/index.php?rest_route=%2Fwp%2Fv2%2Fcomments&post=12034"}],"version-history":[{"count":1,"href":"https:\/\/dekkbi.com\/index.php?rest_route=\/wp\/v2\/posts\/12034\/revisions"}],"predecessor-version":[{"id":12035,"href":"https:\/\/dekkbi.com\/index.php?rest_route=\/wp\/v2\/posts\/12034\/revisions\/12035"}],"wp:featuredmedia":[{"embeddable":true,"href":"https:\/\/dekkbi.com\/index.php?rest_route=\/wp\/v2\/media\/11775"}],"wp:attachment":[{"href":"https:\/\/dekkbi.com\/index.php?rest_route=%2Fwp%2Fv2%2Fmedia&parent=12034"}],"wp:term":[{"taxonomy":"category","embeddable":true,"href":"https:\/\/dekkbi.com\/index.php?rest_route=%2Fwp%2Fv2%2Fcategories&post=12034"},{"taxonomy":"post_tag","embeddable":true,"href":"https:\/\/dekkbi.com\/index.php?rest_route=%2Fwp%2Fv2%2Ftags&post=12034"}],"curies":[{"name":"wp","href":"https:\/\/api.w.org\/{rel}","templated":true}]}}