{"id":12013,"date":"2023-05-12T13:12:34","date_gmt":"2023-05-12T13:12:34","guid":{"rendered":"https:\/\/dekkbi.com\/?p=12013"},"modified":"2023-05-12T13:12:36","modified_gmt":"2023-05-12T13:12:36","slug":"situation-de-la-democratie-et-des-droits-humains-la-raddho-charge-letat","status":"publish","type":"post","link":"https:\/\/dekkbi.com\/?p=12013","title":{"rendered":"Situation de la d\u00e9mocratie et des droits humains : la Raddho charge l\u2019Etat"},"content":{"rendered":"\n<p><strong>A la suite d\u2019Afrika Jom Center, la Rencontre africaine des droits de l\u2019homme (Raddho), a pr\u00e9sent\u00e9 un rapport sur les droits humains au S\u00e9n\u00e9gal. Le constat est identique. Le S\u00e9n\u00e9gal a connu un recul d\u00e9mocratique, selon l\u2019organisation. La publication du rapport entre dans l\u2019exigence faite au S\u00e9n\u00e9gal de faire la situation p\u00e9riodique des droits humains \u00e0 la Commission africaine des droits de l\u2019homme et des peuples bas\u00e9e \u00e0 Banjul, en Gambie. La Raddho a pris ainsi le contre-pied de l\u2019Etat qui, au m\u00eame moment, faisait son rapport par visioconf\u00e9rence hier, jeudi 11 mai 2023.<\/strong><\/p>\n\n\n\n<p>Au moment o\u00f9 le S\u00e9n\u00e9gal pr\u00e9sentait son rapport par visioconf\u00e9rence, la Rencontre africaine pour la d\u00e9fense des droits de l\u2019homme (Raddho), \u00e9tait \u00e0 Banjul en Gambie pour pr\u00e9senter son document alternatif sur la situation des droits humains.&nbsp; Dans ce rapport transmis \u00e0 la presse, l\u2019organisation de d\u00e9fense des droits de l\u2019homme juge que \u00ab&nbsp;<em>la situation des droits humains au S\u00e9n\u00e9gal est marqu\u00e9e depuis quelques ann\u00e9es par une restriction des droits civils et politiques notamment les droits \u00e9lectoraux et les droits \u00e0 la libert\u00e9 d\u2019opinion et d\u2019expression. Les droits des enfants, notamment ceux des enfants des \u00e9coles coraniques sont n\u00e9glig\u00e9s<\/em>&nbsp;\u00bb. \u00a8Pis, elle constate aussi que \u00ab&nbsp;&nbsp;<em>l\u2019impunit\u00e9 relative aux violations des droits de l\u2019homme commises par les membres des forces de d\u00e9fense et de s\u00e9curit\u00e9 qui s\u2019est install\u00e9e reste une pr\u00e9occupation majeure des organisations des droits humains<\/em>&nbsp;\u00bb. &nbsp;Selon toujours la Raddho, \u00ab&nbsp;<em>le S\u00e9n\u00e9gal traverse une situation difficile et m\u00eame inqui\u00e9tante. A titre d\u2019exemples, des libert\u00e9s garanties par la Constitution et consacr\u00e9es depuis de nombreuses ann\u00e9es sont r\u00e9guli\u00e8rement entrav\u00e9es et sont r\u00e9ellement remises en cause<\/em>&nbsp;\u00bb. Parlant de la situation des droits humains, l\u2019organisation trouve aussi que, \u00ab&nbsp;<em>les libert\u00e9s d\u2019expressions sont menac\u00e9es au S\u00e9n\u00e9gal car les journalistes, les activistes, les participants \u00e0 des manifestations et les opposants au r\u00e9gime sont poursuivis, pers\u00e9cut\u00e9s, convoqu\u00e9s \u00e0 la police et souvent emprisonn\u00e9s<\/em>&nbsp;\u00bb.&nbsp; &nbsp;Dans ses observations, la Raddho trouve \u00e9galement que \u00ab&nbsp;&nbsp;<em>la question de l\u2019ind\u00e9pendance de la justice reste enti\u00e8re car le statut des magistrats contient des dispositions discriminatoires avec des dates de d\u00e9part \u00e0 la retraite diff\u00e9rentes qui ne d\u00e9pendent que du poste occup\u00e9 par le magistrat. Il s\u2019y ajoute les consultations \u00e0 domicile qui ne sont rien d\u2019autres qu\u2019un moyen de contourner le passage pr\u00e9vu l\u00e9galement au niveau du Conseil sup\u00e9rieur de la Magistrature&nbsp;\u00bb<\/em>. &nbsp;Cependant poursuit-elle, \u00ab&nbsp;<em>malgr\u00e9 les nombreuses critiques \u00e9manant des justiciables et des acteurs de la Justice, le S\u00e9n\u00e9gal ne semble pas \u00eatre dispos\u00e9 \u00e0 rendre le Parquet ind\u00e9pendant de la Chancellerie. Les statistiques relatives \u00e0 la Magistrature sont extr\u00eamement rares car frapp\u00e9es du sceau de la confidentialit\u00e9<\/em>&nbsp;\u00bb. Parlant toujours des tares du S\u00e9n\u00e9gal, la Raddho estime que \u00ab&nbsp;&nbsp;<em>la situation du milieu carc\u00e9ral au S\u00e9n\u00e9gal est aussi pr\u00e9occupante avec des prisons qui datent de l\u2019\u00e9poque coloniale, non conformes aux standards d\u00e9finis pour un respect des droits de l\u2019homme et surpeupl\u00e9es&nbsp;\u00bb.<\/em>&nbsp;&nbsp;&nbsp;&nbsp;Certes, les dispositions l\u00e9gales et r\u00e9glementaires relatives \u00e0 la pr\u00e9sence de l\u2019avocat d\u00e8s l\u2019interpellation sont prises mais en pratique, malheureusement, constate la Raddho, \u00ab&nbsp;<em>on note des d\u00e9fis relatifs \u00e0 l\u2019impact de la mesure dans la d\u00e9fense des droits des citoyens du fait du faible nombre d\u2019avocats<\/em>&nbsp;\u00bb.<\/p>\n\n\n\n<p><strong>La troisi\u00e8me candidature suppos\u00e9e du pr\u00e9sident Macky Sall envenime le climat politique<\/strong><\/p>\n\n\n\n<p>L\u2019incertitude autour de la troisi\u00e8me candidature du pr\u00e9sident Macky Sall pose \u00e9galement probl\u00e8me, selon la Raddho. \u00ab&nbsp;<em>Il est important de souligner que depuis plusieurs mois, des partisans du Pr\u00e9sident sortant dont le r\u00e9gime se termine en 2024 (lui-m\u00eame l\u2019a dit, r\u00e9p\u00e9t\u00e9 plusieurs fois et \u00e9crit dans son ouvrage) le poussent \u00e0 renier sa parole. Certes, il n\u2019a rien dit mais son attitude r\u00e9v\u00e8le que tout se fait sous sa b\u00e9n\u00e9diction et le mandat de trop ne peut \u00eatre que source de troubles graves contre la paix et la stabilit\u00e9 du S\u00e9n\u00e9gal<\/em>&nbsp;\u00bb, lit-on dans le rapport.&nbsp; Dans ses constats, la Raddho trouve que le parrainage a \u00e9t\u00e9 source de probl\u00e8me. \u00ab&nbsp;<em>Le caract\u00e8re non consensuel des r\u00e8gles du processus \u00e9lectoral, la loi 2018-22 du 04 juillet 2018 introduisant le parrainage citoyen, est \u00e0 l\u2019origine d\u2019une rupture d\u2019\u00e9galit\u00e9 qui n\u2019a fait qu\u2019augmenter la discorde entre acteurs&nbsp;\u00bb.<\/em>&nbsp; La politique est aussi gangr\u00e9n\u00e9e par des dispositions du Code \u00e9lectoral selon la Raddho. \u00ab&nbsp;<em>L\u2019article 11 al 7 du Code \u00e9lectoral n\u2019autorise la transmission du fichier sur support \u00e9lectronique et papier de la liste des inscrits aux candidats et listes de candidats ainsi qu\u2019\u00e0 la CENA que 15 jours au moins avant la date du scrutin. Alors qu\u2019\u00e0 priori pour l\u2019opposition, la r\u00e8gle ne lie pas le candidat du pouvoir en place. Le retard dans la transmission du fichier \u00e9lectoral \u00e0 l\u2019opposition est \u00e0 la base d\u2019une rupture de confiance entre le pouvoir et ses opposants dans la mesure o\u00f9 ces derniers n\u2019avaient pas la possibilit\u00e9 de v\u00e9rifier les informations relatives aux parrains. Cette disposition a largement contribu\u00e9 \u00e0 desservir l\u2019opposition dans la mesure o\u00f9 l\u2019article L 57 dispose qu\u2019un \u00e9lecteur ne peut parrainer qu\u2019un seul candidat ou une seule liste de candidats&nbsp;<\/em>\u00bb. &nbsp;La Raddho est \u00e9galement pr\u00e9occup\u00e9e par le sort de Khalifa Sall et de Karim Wade. \u00ab&nbsp;<em>Au plan carc\u00e9ral, le droit de vote des personnes priv\u00e9es de libert\u00e9s, pr\u00e9venues comme condamn\u00e9s, n\u2019a jamais \u00e9t\u00e9 respect\u00e9 par le S\u00e9n\u00e9gal. En mati\u00e8re politique, les anciens ministres et maire de Dakar, en l\u2019occurrence Karim Wade et Khalifa Sall ont \u00e9t\u00e9 priv\u00e9s de vote \u00e0 la pr\u00e9sidentielle de F\u00e9vrier 2019, aux l\u00e9gislatives de 2022 et risquent de l\u2019\u00eatre \u00e0 la pr\u00e9sidentielle de 2024. Leurs candidatures \u00e0 ces \u00e9lections ont \u00e9t\u00e9 rejet\u00e9es sur la base de l\u2019article L 31 du Code \u00e9lectoral<\/em>&nbsp;\u00bb, constate le document.<\/p>\n\n\n\n<p><strong>FATOU NDIAYE<\/strong><\/p>\n\n\n\n<p>SUDQUOTIDIEN<\/p>\n","protected":false},"excerpt":{"rendered":"<p>A la suite d\u2019Afrika Jom Center, la Rencontre africaine des droits de l\u2019homme (Raddho), a pr\u00e9sent\u00e9 un rapport sur les<\/p>\n","protected":false},"author":1,"featured_media":12014,"comment_status":"open","ping_status":"open","sticky":false,"template":"","format":"standard","meta":{"footnotes":""},"categories":[21],"tags":[],"class_list":["post-12013","post","type-post","status-publish","format-standard","has-post-thumbnail","hentry","category-societe"],"_links":{"self":[{"href":"https:\/\/dekkbi.com\/index.php?rest_route=\/wp\/v2\/posts\/12013","targetHints":{"allow":["GET"]}}],"collection":[{"href":"https:\/\/dekkbi.com\/index.php?rest_route=\/wp\/v2\/posts"}],"about":[{"href":"https:\/\/dekkbi.com\/index.php?rest_route=\/wp\/v2\/types\/post"}],"author":[{"embeddable":true,"href":"https:\/\/dekkbi.com\/index.php?rest_route=\/wp\/v2\/users\/1"}],"replies":[{"embeddable":true,"href":"https:\/\/dekkbi.com\/index.php?rest_route=%2Fwp%2Fv2%2Fcomments&post=12013"}],"version-history":[{"count":1,"href":"https:\/\/dekkbi.com\/index.php?rest_route=\/wp\/v2\/posts\/12013\/revisions"}],"predecessor-version":[{"id":12015,"href":"https:\/\/dekkbi.com\/index.php?rest_route=\/wp\/v2\/posts\/12013\/revisions\/12015"}],"wp:featuredmedia":[{"embeddable":true,"href":"https:\/\/dekkbi.com\/index.php?rest_route=\/wp\/v2\/media\/12014"}],"wp:attachment":[{"href":"https:\/\/dekkbi.com\/index.php?rest_route=%2Fwp%2Fv2%2Fmedia&parent=12013"}],"wp:term":[{"taxonomy":"category","embeddable":true,"href":"https:\/\/dekkbi.com\/index.php?rest_route=%2Fwp%2Fv2%2Fcategories&post=12013"},{"taxonomy":"post_tag","embeddable":true,"href":"https:\/\/dekkbi.com\/index.php?rest_route=%2Fwp%2Fv2%2Ftags&post=12013"}],"curies":[{"name":"wp","href":"https:\/\/api.w.org\/{rel}","templated":true}]}}