{"id":12010,"date":"2023-05-12T13:08:15","date_gmt":"2023-05-12T13:08:15","guid":{"rendered":"https:\/\/dekkbi.com\/?p=12010"},"modified":"2023-05-12T13:08:16","modified_gmt":"2023-05-12T13:08:16","slug":"cite-du-savoir-a-diamniadio-le-centre-spatial-du-senegal-bientot-fonctionnel","status":"publish","type":"post","link":"https:\/\/dekkbi.com\/?p=12010","title":{"rendered":"Cit\u00e9 du Savoir \u00e0 Diamniadio: le Centre spatial du S\u00e9n\u00e9gal bient\u00f4t fonctionnel\u00a0"},"content":{"rendered":"\n<p>Le Centre spatial du S\u00e9n\u00e9gal log\u00e9e \u00e0 la Cit\u00e9 du Savoir \u00e0 Diamniadio, devrait \u00eatre bient\u00f4t fonctionnel, avec l\u2019appui du Centre universitaire de Montpellier.&nbsp; Cest dans ce cadre, qu\u2019une d\u00e9l\u00e9gation du Centre spatial universitaire de Montpellier est en visite de travail au S\u00e9n\u00e9gal pour une semaine.<\/p>\n\n\n\n<p>Conduite par le pr\u00e9sident du dudit centre fran\u00e7ais, Pr Laurent Dusseau accompagn\u00e9s de collaborateurs, la d\u00e9l\u00e9gation a visit\u00e9 la Cit\u00e9 du savoir sise \u00e0 Diamniadio o\u00f9 sera install\u00e9 le Centre spatial s\u00e9n\u00e9galais pilot\u00e9 par le Pr Gayane Faye.<\/p>\n\n\n\n<p>Selon un communiqu\u00e9, ce centre spatial pour le contr\u00f4le et la r\u00e9ception de donn\u00e9es, met un accent particulier sur la formation et la recherche des jeunes s\u00e9n\u00e9galais. Il va travailler en \u00e9troite collaboration avec l\u2019Ept de Thi\u00e8s, l\u2019Ipsl de l\u2019Ugb et l\u2019Esp de Dakar ainsi qu\u2019avec diverses structures socio-\u00e9conomiques. Il devrait \u00eatre fonctionnel bient\u00f4t.<\/p>\n\n\n\n<p>En collaboration avec le centre de Montpellier, huit ing\u00e9nieurs et cinq techniciens sont form\u00e9s pour g\u00e9rer le lancement et le fonctionnement du premier satellite s\u00e9n\u00e9galais.<\/p>\n\n\n\n<p>\u00ab&nbsp;Cette ambition a \u00e9t\u00e9 r\u00e9affirm\u00e9e par le Ministre de l\u2019enseignement sup\u00e9rieur, de la Recherche et de l\u2019Innovation qui a re\u00e7u la d\u00e9l\u00e9gation en audience&nbsp;\u00bb souligne le document. A l\u2019occasion, Pr Moussa Balde a rappel\u00e9 que ce centre tient \u00e0 c\u0153ur le pr\u00e9sident Macky Sall.<\/p>\n\n\n\n<figure class=\"wp-block-image\"><img decoding=\"async\" src=\"https:\/\/lesoleil.sn\/wp-content\/uploads\/2023\/05\/IMG-20230511-WA0087.jpg\" alt=\"\" class=\"wp-image-108098\"\/><\/figure>\n","protected":false},"excerpt":{"rendered":"<p>Le Centre spatial du S\u00e9n\u00e9gal log\u00e9e \u00e0 la Cit\u00e9 du Savoir \u00e0 Diamniadio, devrait \u00eatre bient\u00f4t fonctionnel, avec l\u2019appui du<\/p>\n","protected":false},"author":1,"featured_media":12011,"comment_status":"open","ping_status":"open","sticky":false,"template":"","format":"standard","meta":{"footnotes":""},"categories":[21],"tags":[],"class_list":["post-12010","post","type-post","status-publish","format-standard","has-post-thumbnail","hentry","category-societe"],"_links":{"self":[{"href":"https:\/\/dekkbi.com\/index.php?rest_route=\/wp\/v2\/posts\/12010","targetHints":{"allow":["GET"]}}],"collection":[{"href":"https:\/\/dekkbi.com\/index.php?rest_route=\/wp\/v2\/posts"}],"about":[{"href":"https:\/\/dekkbi.com\/index.php?rest_route=\/wp\/v2\/types\/post"}],"author":[{"embeddable":true,"href":"https:\/\/dekkbi.com\/index.php?rest_route=\/wp\/v2\/users\/1"}],"replies":[{"embeddable":true,"href":"https:\/\/dekkbi.com\/index.php?rest_route=%2Fwp%2Fv2%2Fcomments&post=12010"}],"version-history":[{"count":1,"href":"https:\/\/dekkbi.com\/index.php?rest_route=\/wp\/v2\/posts\/12010\/revisions"}],"predecessor-version":[{"id":12012,"href":"https:\/\/dekkbi.com\/index.php?rest_route=\/wp\/v2\/posts\/12010\/revisions\/12012"}],"wp:featuredmedia":[{"embeddable":true,"href":"https:\/\/dekkbi.com\/index.php?rest_route=\/wp\/v2\/media\/12011"}],"wp:attachment":[{"href":"https:\/\/dekkbi.com\/index.php?rest_route=%2Fwp%2Fv2%2Fmedia&parent=12010"}],"wp:term":[{"taxonomy":"category","embeddable":true,"href":"https:\/\/dekkbi.com\/index.php?rest_route=%2Fwp%2Fv2%2Fcategories&post=12010"},{"taxonomy":"post_tag","embeddable":true,"href":"https:\/\/dekkbi.com\/index.php?rest_route=%2Fwp%2Fv2%2Ftags&post=12010"}],"curies":[{"name":"wp","href":"https:\/\/api.w.org\/{rel}","templated":true}]}}