{"id":11984,"date":"2023-05-12T12:48:26","date_gmt":"2023-05-12T12:48:26","guid":{"rendered":"https:\/\/dekkbi.com\/?p=11984"},"modified":"2023-05-12T12:48:27","modified_gmt":"2023-05-12T12:48:27","slug":"soudan-un-debut-daccord-vers-une-veritable-treve","status":"publish","type":"post","link":"https:\/\/dekkbi.com\/?p=11984","title":{"rendered":"Soudan: un \u00abd\u00e9but\u00bb d\u2019accord vers une v\u00e9ritable tr\u00eave?"},"content":{"rendered":"\n<p><strong>Dans la nuit du 11 au 12 mai 2023, les leaders des deux camps bellig\u00e9rants au Soudan ont sign\u00e9 un accord pour autoriser l&rsquo;acc\u00e8s de l&rsquo;aide humanitaire. Ce n\u2019est pas encore un cessez-le-feu, tout juste une d\u00e9claration d&rsquo;engagement \u00e0 prot\u00e9ger les civils, pr\u00e9cise un responsable am\u00e9ricain ayant pris part aux discussions. La veille, plusieurs sp\u00e9cialistes de la r\u00e9gion ont fait part \u00e0 RFI de leurs doutes sur la sinc\u00e9rit\u00e9 du chef de l\u2019arm\u00e9e, le g\u00e9n\u00e9ral al-Burhan, et celle du chef des Forces de soutien rapide, le g\u00e9n\u00e9ral Hemedti, concernant ces n\u00e9gociations.<\/strong><\/p>\n\n\n\n<p>Les n\u00e9gociations se poursuivent pour obtenir une nouvelle tr\u00eave temporaire au Soudan o\u00f9 les combats font rage depuis le 15 avril, afin de permettre l&rsquo;acheminement de l&rsquo;aide, avec une proposition visant \u00e0 arr\u00eater les affrontements pendant dix jours, a d\u00e9clar\u00e9 un responsable am\u00e9ricain,&nbsp;sous couvert d&rsquo;anonymat.<\/p>\n\n\n\n<p>Concr\u00e8tement, les deux parties s&rsquo;engagent \u00e0 laisser entrer l&rsquo;aide humanitaire, \u00e0 autoriser le r\u00e9tablissement de l&rsquo;\u00e9lectricit\u00e9, de l&rsquo;eau et d&rsquo;autres services de base, \u00e0 retirer les forces de s\u00e9curit\u00e9 des h\u00f4pitaux ainsi qu&rsquo;\u00e0 organiser un \u00ab&nbsp;<em>enterrement digne<\/em>&nbsp;\u00bb aux morts.<\/p>\n\n\n\n<p>Selon une source am\u00e9ricaine, les deux camps \u00e9taient toujours \u00ab&nbsp;<em>assez \u00e9loign\u00e9s<\/em>&nbsp;\u00bb.<\/p>\n\n\n\n<h2 class=\"wp-block-heading\">\u00ab&nbsp;Les deux bellig\u00e9rants ne sont pas pr\u00eats \u00e0 faire de compromis&nbsp;\u00bb<\/h2>\n\n\n\n<p>Ces discussions \u2013 sous l&rsquo;\u00e9gide des \u00c9tats-Unis et de l&rsquo;Arabie saoudite \u2013&nbsp;ont d\u00e9marr\u00e9 dans la ville saoudienne de Djeddah, le 6 mai 2023.&nbsp;Chaque camp y a envoy\u00e9 une d\u00e9l\u00e9gation de trois personnes. Mais jusque-l\u00e0, les discussions ont \u00e9t\u00e9 difficiles, les progr\u00e8s lents de l\u2019avis des observateurs, qui sont plut\u00f4t sceptiques.<\/p>\n\n\n\n<p><\/p>\n\n\n\n<p>\u00c0 l\u2019ordre du jour\u00a0de ces discussions, obtenir un cessez-le-feu, mettre en place\u00a0un m\u00e9canisme de\u00a0contr\u00f4le\u00a0et ouvrir un corridor humanitaire.<\/p>\n\n\n\n<p>Pas question pour l\u2019instant de quelconques discussions politiques.&nbsp;<em>\u00ab&nbsp;Les deux bellig\u00e9rants ne sont pas pr\u00eats \u00e0 faire de compromis<\/em>&nbsp;\u00bb, estimait la veille de l\u2019accord le chercheur Alex de Waal.&nbsp;\u00ab&nbsp;<em>Chacun est convaincu de pouvoir&nbsp;d\u00e9faire son rival sur le terrain militaire<\/em>&nbsp;\u00bb, ajoutait-il. D&rsquo;o\u00f9 les combats acharn\u00e9s de ces&nbsp;quatre&nbsp;derni\u00e8res&nbsp;semaines.<\/p>\n\n\n\n<p>En envoyant une d\u00e9l\u00e9gation \u00e0 Djeddah, expliquait&nbsp;un autre&nbsp;chercheur, Cameroon Hudson,&nbsp;\u00ab&nbsp;<em>les deux&nbsp;g\u00e9n\u00e9raux&nbsp;veulent surtout faire bonne figure aupr\u00e8s de la communaut\u00e9 internationale. Et gagner du temps&nbsp;pour consolider leurs positions. Mais il n\u2019y a&nbsp;pas de v\u00e9ritable volont\u00e9 de n\u00e9gocier<\/em>&nbsp;\u00bb.<\/p>\n\n\n\n<p>\u00ab&nbsp;<em>D\u2019ailleurs, les diff\u00e9rentes d\u00e9clarations&nbsp;des derniers jours ne sont pas de bon augure<\/em>,&nbsp;soulignait le sp\u00e9cialiste&nbsp;Gerritz Kurts.&nbsp;<em>Il y a quelques jours,&nbsp;un&nbsp;proche&nbsp;du&nbsp;g\u00e9n\u00e9ral Burhan affirmait que ces discussions&nbsp;de Djeddah&nbsp;avaient pour but de&nbsp;faire partir&nbsp;les Forces de&nbsp;soutien&nbsp;rapide&nbsp;de Khartoum&nbsp;et&nbsp;de&nbsp;rendre&nbsp;le&nbsp;g\u00e9n\u00e9ral Hemedti&nbsp;responsable de&nbsp;cette crise<\/em>&nbsp;\u00bb.<\/p>\n\n\n\n<h2 class=\"wp-block-heading\">\u00ab&nbsp;Difficile&nbsp;d\u2019envisager un&nbsp;arr\u00eat durable des combats&nbsp;\u00bb<\/h2>\n\n\n\n<p>\u00ab&nbsp;<em>Difficile&nbsp;dans ce contexte de rivalit\u00e9 et de m\u00e9fiance&nbsp;d\u2019envisager un&nbsp;arr\u00eat durable des combats&nbsp;<\/em>\u00bb, concluait Alex de Waal, qui ajoutait que les deux g\u00e9n\u00e9raux subissent de tr\u00e8s fortes pressions de la communaut\u00e9 internationale, notamment des \u00c9tats-Unis.<\/p>\n\n\n\n<p>Il y a une semaine, le&nbsp;pr\u00e9sident am\u00e9ricain Joe Biden signait un nouveau d\u00e9cret visant \u00e0 sanctionner les personnes qui menacent \u00ab&nbsp;<em>la paix, la s\u00e9curit\u00e9 ou la stabilit\u00e9<\/em>&nbsp;\u00bb au Soudan, affirmant que la violence dans le pays \u00ab&nbsp;<em>doit cesser<\/em>&nbsp;\u00bb.<\/p>\n\n\n\n<p>\u00ab&nbsp;<em>Les seuls points sur lesquels les deux g\u00e9n\u00e9raux soudanais sont d\u2019accord<\/em>, ajoutait Alex de Waal.&nbsp;<em>C\u2019est qu\u2019ils ne veulent pas d\u2019un gouvernement d\u00e9mocratique avec des civils.<\/em>&nbsp;\u00bb Et de conclure&nbsp;: \u00ab<em>&nbsp;Et ils veulent une amnistie pour les crimes de guerre.&nbsp;<\/em>\u00bb<\/p>\n","protected":false},"excerpt":{"rendered":"<p>Dans la nuit du 11 au 12 mai 2023, les leaders des deux camps bellig\u00e9rants au Soudan ont sign\u00e9 un<\/p>\n","protected":false},"author":1,"featured_media":11985,"comment_status":"open","ping_status":"open","sticky":false,"template":"","format":"standard","meta":{"footnotes":""},"categories":[51],"tags":[],"class_list":["post-11984","post","type-post","status-publish","format-standard","has-post-thumbnail","hentry","category-general"],"_links":{"self":[{"href":"https:\/\/dekkbi.com\/index.php?rest_route=\/wp\/v2\/posts\/11984","targetHints":{"allow":["GET"]}}],"collection":[{"href":"https:\/\/dekkbi.com\/index.php?rest_route=\/wp\/v2\/posts"}],"about":[{"href":"https:\/\/dekkbi.com\/index.php?rest_route=\/wp\/v2\/types\/post"}],"author":[{"embeddable":true,"href":"https:\/\/dekkbi.com\/index.php?rest_route=\/wp\/v2\/users\/1"}],"replies":[{"embeddable":true,"href":"https:\/\/dekkbi.com\/index.php?rest_route=%2Fwp%2Fv2%2Fcomments&post=11984"}],"version-history":[{"count":1,"href":"https:\/\/dekkbi.com\/index.php?rest_route=\/wp\/v2\/posts\/11984\/revisions"}],"predecessor-version":[{"id":11986,"href":"https:\/\/dekkbi.com\/index.php?rest_route=\/wp\/v2\/posts\/11984\/revisions\/11986"}],"wp:featuredmedia":[{"embeddable":true,"href":"https:\/\/dekkbi.com\/index.php?rest_route=\/wp\/v2\/media\/11985"}],"wp:attachment":[{"href":"https:\/\/dekkbi.com\/index.php?rest_route=%2Fwp%2Fv2%2Fmedia&parent=11984"}],"wp:term":[{"taxonomy":"category","embeddable":true,"href":"https:\/\/dekkbi.com\/index.php?rest_route=%2Fwp%2Fv2%2Fcategories&post=11984"},{"taxonomy":"post_tag","embeddable":true,"href":"https:\/\/dekkbi.com\/index.php?rest_route=%2Fwp%2Fv2%2Ftags&post=11984"}],"curies":[{"name":"wp","href":"https:\/\/api.w.org\/{rel}","templated":true}]}}