{"id":11962,"date":"2023-05-12T12:17:40","date_gmt":"2023-05-12T12:17:40","guid":{"rendered":"https:\/\/dekkbi.com\/?p=11962"},"modified":"2023-05-12T12:17:41","modified_gmt":"2023-05-12T12:17:41","slug":"attaques-contre-la-justice-refus-de-participer-au-dialogue-les-cadres-de-bby-taclent-sonko-et-cie","status":"publish","type":"post","link":"https:\/\/dekkbi.com\/?p=11962","title":{"rendered":"Attaques contre la justice, refus de participer au dialogue: Les cadres de Bby taclent Sonko et Cie"},"content":{"rendered":"\n<p>Dans un communiqu\u00e9 parcouru par \u00abL\u2019As\u00bb, la coordination des cadres de Benno Bokk Yakaar (Bby) et de la majorit\u00e9 pr\u00e9sidentielle a s\u00e9v\u00e8rement tacl\u00e9 Ousmane Sonko et Cie, pour leur refus de participer au dialogue politique. Pour les partisans du Pr\u00e9sident Macky Sall, aucun r\u00e9gime d\u00e9mocratique comme le S\u00e9n\u00e9gal n\u2019acceptera qu\u2019on le soumette \u00e0 un ultimatum ou un diktat.<\/p>\n\n\n\n<p>D&rsquo;apr\u00e9s le journal, la coordination des cadres de Benno Bokk Yakaar (Bby) et de la majorit\u00e9 pr\u00e9sidentielle, a r\u00e9agi par rapport au refus de certains hommes politiques tels qu&rsquo;Ousmane Sonko de participer au dialogue politique. \u00ab<em>De cette situation, les cadres indexent cette nouvelle g\u00e9n\u00e9ration de partis sans culture politique \u00e9prouv\u00e9e et d\u2019hommes politiques pr\u00e9tentieux et trop suffisants, qui jouent \u00e0 faire peur. Qu\u2019ils se le tiennent pour dit, aucun r\u00e9gime d\u00e9mocratique comme le n\u00f4tre n\u2019acceptera qu\u2019on le soumette \u00e0 un ultimatum ou un diktat&nbsp;<\/em>\u00bb, ont-ils indiqu\u00e9.<\/p>\n\n\n\n<p>Pour les cadres de Bby, le dialogue est une n\u00e9cessit\u00e9 d\u00e9mocratique malgr\u00e9 les divergences. \u00ab<em>En cela, la coordination salue la posture r\u00e9publicaine de tous les acteurs politiques qui ont r\u00e9pondu favorablement \u00e0 l\u2019appel et encouragent le pr\u00e9sident de la R\u00e9publique, dans cette qu\u00eate permanente de paix et de stabilit\u00e9<\/em>\u00bb, soulignent-ils.<\/p>\n\n\n\n<p>Abordant par ailleurs la probl\u00e9matique de l\u2019emploi des jeunes, \u00ab<em>les cadres ont positivement appr\u00e9ci\u00e9 les r\u00e9sultats probants obtenus gr\u00e2ce aux diff\u00e9rents leviers mis en place par le gouvernement et qui allient formation, apprentissage, encadrement et financement. La coordination invite les jeunes \u00e0 continuer \u00e0 faire confiance \u00e0 cette approche, qui r\u00e9sulte d\u2019une vision du Pr\u00e9sident Macky Sall et qui apporte des r\u00e9ponses concr\u00e8tes au ch\u00f4mage et \u00e0 la pr\u00e9carit\u00e9 de sous-emplois<\/em>\u00bb.<\/p>\n\n\n\n<p>Parlant de la pr\u00e9sidentielle de 2024, les cadres de Bby invitent les diff\u00e9rentes composantes de la mouvance pr\u00e9sidentielle \u00e0 resserrer les rangs et \u00e0 entamer, dans les meilleurs d\u00e9lais, les consultations n\u00e9cessaires. \u00ab<em>La ligne d\u00e9fendue par les cadres de la majorit\u00e9, reste celle d\u2019une candidature unique dans la coalition Bby, en 2024, qui puisse garantir une victoire \u00e9clatante d\u00e8s le premier tour. Toute autre option serait hasardeuse pour notre majorit\u00e9<\/em>\u00bb, affirment-ils.<\/p>\n\n\n\n<p>Nd\u00e8ye Fatou K\u00e9b\u00e9<\/p>\n\n\n\n<p>LERAL<\/p>\n","protected":false},"excerpt":{"rendered":"<p>Dans un communiqu\u00e9 parcouru par \u00abL\u2019As\u00bb, la coordination des cadres de Benno Bokk Yakaar (Bby) et de la majorit\u00e9 pr\u00e9sidentielle<\/p>\n","protected":false},"author":1,"featured_media":11963,"comment_status":"open","ping_status":"open","sticky":false,"template":"","format":"standard","meta":{"footnotes":""},"categories":[6],"tags":[],"class_list":["post-11962","post","type-post","status-publish","format-standard","has-post-thumbnail","hentry","category-politics"],"_links":{"self":[{"href":"https:\/\/dekkbi.com\/index.php?rest_route=\/wp\/v2\/posts\/11962","targetHints":{"allow":["GET"]}}],"collection":[{"href":"https:\/\/dekkbi.com\/index.php?rest_route=\/wp\/v2\/posts"}],"about":[{"href":"https:\/\/dekkbi.com\/index.php?rest_route=\/wp\/v2\/types\/post"}],"author":[{"embeddable":true,"href":"https:\/\/dekkbi.com\/index.php?rest_route=\/wp\/v2\/users\/1"}],"replies":[{"embeddable":true,"href":"https:\/\/dekkbi.com\/index.php?rest_route=%2Fwp%2Fv2%2Fcomments&post=11962"}],"version-history":[{"count":1,"href":"https:\/\/dekkbi.com\/index.php?rest_route=\/wp\/v2\/posts\/11962\/revisions"}],"predecessor-version":[{"id":11964,"href":"https:\/\/dekkbi.com\/index.php?rest_route=\/wp\/v2\/posts\/11962\/revisions\/11964"}],"wp:featuredmedia":[{"embeddable":true,"href":"https:\/\/dekkbi.com\/index.php?rest_route=\/wp\/v2\/media\/11963"}],"wp:attachment":[{"href":"https:\/\/dekkbi.com\/index.php?rest_route=%2Fwp%2Fv2%2Fmedia&parent=11962"}],"wp:term":[{"taxonomy":"category","embeddable":true,"href":"https:\/\/dekkbi.com\/index.php?rest_route=%2Fwp%2Fv2%2Fcategories&post=11962"},{"taxonomy":"post_tag","embeddable":true,"href":"https:\/\/dekkbi.com\/index.php?rest_route=%2Fwp%2Fv2%2Ftags&post=11962"}],"curies":[{"name":"wp","href":"https:\/\/api.w.org\/{rel}","templated":true}]}}