{"id":11956,"date":"2023-05-12T11:17:18","date_gmt":"2023-05-12T11:17:18","guid":{"rendered":"https:\/\/dekkbi.com\/?p=11956"},"modified":"2023-05-12T11:17:20","modified_gmt":"2023-05-12T11:17:20","slug":"yaw-rassemblement-du-f24-aujourdhui-le-bal-des-faux-freres","status":"publish","type":"post","link":"https:\/\/dekkbi.com\/?p=11956","title":{"rendered":"YAW \u2013 Rassemblement du F24 aujourd\u2019hui: Le BAL des faux fr\u00e8res"},"content":{"rendered":"\n<p><strong>Le rassemblement du F24 aujourd\u2019hui risque d\u2019\u00eatre un instant de r\u00e8glements de comptes pour les deux locomotives de Yaw. Entre Taxawu et Pastef, la fracture ne cesse de s\u2019\u00e9largir \u00e0 cause des \u00e9changes violents entre Barth\u2019 et Sonko, qui sont en v\u00e9rit\u00e9 les vrais artisans de la cr\u00e9ation de Yaw. A l\u2019Ob\u00e9lisque, des leaders et militants qui s\u2019embrassaient jadis vont se regarder en chiens de fa\u00efence.<\/strong><\/p>\n\n\n<div class=\"wp-block-image\">\n<figure class=\"alignright\"><img decoding=\"async\" src=\"https:\/\/lequotidien.sn\/wp-content\/uploads\/2023\/05\/Ousmane-Sonko-et-Barthelemy-Dias.png\" alt=\"\" class=\"wp-image-169502\"\/><\/figure>\n<\/div>\n\n\n<p><strong>Par Bocar SAKHO \u2013&nbsp;<\/strong>Pour le \u00abMouvement des forces vives de la Nation\u00bb ou \u00abF24\u00bb, ce vendredi devrait \u00eatre le jour de d\u00e9monstration de foule pour emp\u00eacher une \u00e9ventuelle troisi\u00e8me candidature de Macky Sall. Probablement, cela risque de devenir accessoire \u00e0 cause de l\u2019ambiance d\u00e9l\u00e9t\u00e8re qui r\u00e8gne au sein de la coalition de l\u2019opposition Yewwi askan wi (Yaw). On ne sait rien des intentions du Pr\u00e9sident Sall, mais Yaw est au bord de l\u2019implosion. A la Place de la Nation o\u00f9 se tient la manif\u2019, va-t-elle \u00e9taler sa fracture ou tenter de masquer les apparences avec des sourires de fa\u00e7ade&nbsp;?<\/p>\n\n\n\n<p>Cet apr\u00e8s-midi, elle risque de laver&nbsp;son linge sale en public, car les ponts qui reliaient les deux formations majeures de la coalition se sont effondr\u00e9s. Barth\u2019 et Sonko ont r\u00e9ussi, en deux jours, \u00e0 \u00e9riger un mur entre Pastef et Taxawu Senegaal. Aujourd\u2019hui, il est tellement \u00e9lev\u00e9 qu\u2019il sera difficile de cacher les divisons. Surtout que personne ne s\u2019est retenu pour charger l\u2019autre, en d\u00e9pit de la volont\u00e9 de Khalifa de sauver cette entente, qui s\u2019effrite \u00e0 cause des sorties r\u00e9p\u00e9t\u00e9es des deux hommes politiques. Et de gros mots ont \u00e9t\u00e9 utilis\u00e9s pour afficher les d\u00e9saccords sur l\u2019opportunit\u00e9 du dialogue politique initi\u00e9 par Macky Sall. Ou la rupture&nbsp;sans \u00e9gard au pass\u00e9 : \u00abmanipulation, mensonge, deal, tra\u00eetre, Compar\u00e9, qui s\u2019explique s\u2019accuse\u2026\u00bb, et on en passe.<\/p>\n\n\n\n<p>Ce vocabulaire, utilis\u00e9 par des leaders des deux camps, r\u00e9ussit \u00e0 faire oublier toutes les amabilit\u00e9s que Pastef et Taxawu ont eu \u00e0 entretenir ces trois derni\u00e8res ann\u00e9es. Si Khalifa Sall a \u00e9t\u00e9 le guide spirituel de la coalition, c\u2019est Barth\u2019 et Sonko qui ont quasiment impos\u00e9 sa naissance. Or, c\u2019est l\u2019avenir de l\u2019ex-maire de Dakar qui a provoqu\u00e9 ce m\u00e9lodrame. Mercredi, il a m\u00eame appel\u00e9 en direct sur 7Tv pour corriger, avec \u00e9videmment politesse, Cheikh Tidiane Youm, qui s\u2019est laiss\u00e9 aller \u00e0 des confidences en soutenant que la sortie de Barth\u2019 n\u2019a pas \u00e9t\u00e9 approuv\u00e9e par le patron de Taxawu. Le leader du Pur voulait sauver les meubles, mais il a aggrav\u00e9 une situation qui \u00e9tait d\u00e9j\u00e0 dramatique ! Car Khalifa Sall a soutenu son \u00abadjoint\u00bb, qui ne peut pas parler avec autant d\u2019assurance sans avoir la b\u00e9n\u00e9diction de son chef de parti.<\/p>\n\n\n\n<p>Voil\u00e0 le tableau clinique de Yaw dont le pronostic vital est d\u00e9sormais engag\u00e9. Pour Taxawu Senegaal et Pastef, les responsables n\u2019ont pas eu le temps de remettre les compteurs \u00e0 z\u00e9ro. Pis, les deux camps s\u2019\u00e9loignent \u00e0 cause des int\u00e9r\u00eats devenus divergents.<\/p>\n\n\n\n<p><strong>Quel accueil&nbsp;?<\/strong><br>Cet apr\u00e8s-midi, quel accueil sera alors r\u00e9serv\u00e9 \u00e0 Khalifa et Barth\u2019&nbsp;? En ouvrant les hostilit\u00e9s, le maire de Dakar sait qu\u2019il a d\u00e9sormais une cible dans le dos. S\u2019il n\u2019a pas cach\u00e9 sa joie de voir des \u00abinsulteurs\u00bb se d\u00e9sabonner en masse de sa page Facebook, il sait aussi qu\u2019ils vont l\u2019accueillir \u00e0 la Place la Nation avec leur savoir-faire. H\u00e9ros m\u00e9diatique, adul\u00e9 par une partie de la jeunesse past\u00e9foise, Pape Djibril Fall a connu son sale quart d\u2019heure \u00e0 l\u2019Ob\u00e9lisque, apr\u00e8s avoir profit\u00e9 \u00e0 fond de son quart d\u2019heure de gloire gr\u00e2ce \u00e0 sa loquacit\u00e9. Les m\u00eames lui ont fait porter les habits de Judas \u00e0 cause de ses positions jug\u00e9es ambivalentes \u00e0 l\u2019Assembl\u00e9e nationale. Il y a \u00e9t\u00e9 hu\u00e9, menac\u00e9 et chass\u00e9.<\/p>\n\n\n\n<p>\u00abEnfant\u00bb de la rue, Bar\u00adth\u00e9lemy Dias a forg\u00e9 sa carri\u00e8re politique dans les affrontements et les exc\u00e8s et aussi outrances, avant d\u2019atteindre le sommet \u00e0 la mairie de Dakar. Il est sans doute pr\u00e9par\u00e9 et arm\u00e9 pour la bataille qui s\u2019annoncerait \u00e9pique cet apr\u00e8s-midi. Si le parti Pastef dispose dans ses rangs de militants extr\u00e9mistes qui ont du mal \u00e0 cacher leur ressentiment et ont tendance souvent \u00e0 r\u00e9gler leurs diff\u00e9rends avec des menaces et de gros mots, il est aussi s\u00fbr que Taxawu ne voudrait appara\u00eetre comme une victime expiatoire. C\u2019est devenu un duel entre deux formations qui n\u2019ont plus le m\u00eame calendrier \u00e9lectoral&nbsp;: Khalifa \u00abdialogue\u00bb pour devenir \u00e9ligible alors que M. Ousmane Sonko est sur le point perdre son \u00e9ligibilit\u00e9. Con\u00addamn\u00e9 en appel \u00e0 6 mois avec sursis, il sera \u00e0 la barre de la Chambre criminelle ce mardi pour viols et menaces de mort sur Adji Sarr. Comme un taureau sur le chemin de l\u2019abattoir, il cogne sur toutes les personnes, qu\u2019il pense \u00eatre en train de se mettre au travers de son chemin vers 2024.<\/p>\n\n\n\n<p>On risque d\u2019assister alors \u00e0 l\u2019enterrement en direct de Yaw, d\u00e9j\u00e0 disloqu\u00e9e par les ambitions de ses leaders, qui se r\u00eavent tous Pr\u00e9sident en 2024. Finalement, tout est inconciliable\u2026<\/p>\n\n\n\n<p>En v\u00e9rit\u00e9, le rassemblent du F24 ce vendredi risque d\u2019\u00eatre l\u2019acte de d\u00e9c\u00e8s de la coalition. A moins que les leaders ne changent d\u2019agenda pour \u00e9viter une d\u00e9flagration en continuant \u00e0 entretenir une fausse unit\u00e9\u2026<\/p>\n\n\n\n<p><br><strong>bsakho@lequotidien.sn<\/strong><\/p>\n","protected":false},"excerpt":{"rendered":"<p>Le rassemblement du F24 aujourd\u2019hui risque d\u2019\u00eatre un instant de r\u00e8glements de comptes pour les deux locomotives de Yaw. Entre<\/p>\n","protected":false},"author":1,"featured_media":10429,"comment_status":"open","ping_status":"open","sticky":false,"template":"","format":"standard","meta":{"footnotes":""},"categories":[6],"tags":[],"class_list":["post-11956","post","type-post","status-publish","format-standard","has-post-thumbnail","hentry","category-politics"],"_links":{"self":[{"href":"https:\/\/dekkbi.com\/index.php?rest_route=\/wp\/v2\/posts\/11956","targetHints":{"allow":["GET"]}}],"collection":[{"href":"https:\/\/dekkbi.com\/index.php?rest_route=\/wp\/v2\/posts"}],"about":[{"href":"https:\/\/dekkbi.com\/index.php?rest_route=\/wp\/v2\/types\/post"}],"author":[{"embeddable":true,"href":"https:\/\/dekkbi.com\/index.php?rest_route=\/wp\/v2\/users\/1"}],"replies":[{"embeddable":true,"href":"https:\/\/dekkbi.com\/index.php?rest_route=%2Fwp%2Fv2%2Fcomments&post=11956"}],"version-history":[{"count":1,"href":"https:\/\/dekkbi.com\/index.php?rest_route=\/wp\/v2\/posts\/11956\/revisions"}],"predecessor-version":[{"id":11957,"href":"https:\/\/dekkbi.com\/index.php?rest_route=\/wp\/v2\/posts\/11956\/revisions\/11957"}],"wp:featuredmedia":[{"embeddable":true,"href":"https:\/\/dekkbi.com\/index.php?rest_route=\/wp\/v2\/media\/10429"}],"wp:attachment":[{"href":"https:\/\/dekkbi.com\/index.php?rest_route=%2Fwp%2Fv2%2Fmedia&parent=11956"}],"wp:term":[{"taxonomy":"category","embeddable":true,"href":"https:\/\/dekkbi.com\/index.php?rest_route=%2Fwp%2Fv2%2Fcategories&post=11956"},{"taxonomy":"post_tag","embeddable":true,"href":"https:\/\/dekkbi.com\/index.php?rest_route=%2Fwp%2Fv2%2Ftags&post=11956"}],"curies":[{"name":"wp","href":"https:\/\/api.w.org\/{rel}","templated":true}]}}