{"id":11945,"date":"2023-05-11T12:32:12","date_gmt":"2023-05-11T12:32:12","guid":{"rendered":"https:\/\/dekkbi.com\/?p=11945"},"modified":"2023-05-11T12:32:13","modified_gmt":"2023-05-11T12:32:13","slug":"judo-la-patronne-est-de-retour-agbegnenou-soffre-une-6e-couronne-mondiale","status":"publish","type":"post","link":"https:\/\/dekkbi.com\/?p=11945","title":{"rendered":"Judo: \u00ab\u00a0La patronne est de retour\u00a0\u00bb, Agb\u00e9gn\u00e9nou s&rsquo;offre une 6e couronne mondiale"},"content":{"rendered":"\n<h1 class=\"wp-block-heading has-medium-font-size\">Onze mois \u00e0 peine apr\u00e8s avoir donn\u00e9 naissance \u00e0 son premier enfant, Clarisse Agb\u00e9gn\u00e9nou a glan\u00e9, \u00e0 30 ans, une sixi\u00e8me couronne mondiale dans la cat\u00e9gorie des -63 kg, mercredi aux championnats du monde de judo de Doha.<\/h1>\n\n\n\n<p>\u00ab\u00a0C&rsquo;est de bon augure pour Paris-2024\u00a0\u00bb, a d\u00e9clar\u00e9 la double championne olympique de Tokyo d\u00e8s sa sortie du tatami, apr\u00e8s sa victoire par ippon contre la Slov\u00e8ne Andreja Leski, 12e mondiale.<\/p>\n\n\n\n<p>\u00ab\u00a0Je suis tellement fi\u00e8re de moi et de ma fille\u00a0\u00bb, a-t-elle poursuivi. \u00ab\u00a0Franchement, elle est top, elle m&rsquo;a laiss\u00e9e un peu dormir. Je l&rsquo;ai laiss\u00e9e un peu toute seule, je suis d\u00e9sol\u00e9e, mais je lui avais promis que j&rsquo;allais lui ramener cette belle m\u00e9daille d&rsquo;or. Voil\u00e0, c&rsquo;est fait, et je vais lui mettre autour du cou.\u00a0\u00bb<\/p>\n\n\n\n<p>Absente de la derni\u00e8re \u00e9dition des Mondiaux pour cause de cong\u00e9 maternit\u00e9, Agb\u00e9gn\u00e9nou signait au Qatar son grand retour sur la sc\u00e8ne plan\u00e9taire avec son dossard dor\u00e9 de championne olympique.<\/p>\n\n\n\n<p>\u00ab\u00a0Je pense qu&rsquo;ind\u00e9niablement, il y a un aspect psychologique. La patronne est de retour et cela a inqui\u00e9t\u00e9 tout le monde\u00a0\u00bb, avait anticip\u00e9 son entra\u00eeneur Ludovic Delacotte juste apr\u00e8s sa qualification pour la finale.<\/p>\n\n\n\n<h2 class=\"wp-block-heading\">Mont\u00e9e en puissance<\/h2>\n\n\n\n<figure class=\"wp-block-image\"><img decoding=\"async\" src=\"https:\/\/information.tv5monde.com\/sites\/tv5-info\/files\/styles\/entete\/public\/2023-05\/field_media_image-2580173-97f57c0e33ff678910d8d8b471327facd38e9490.jpg?itok=S5cRnp1Y\" alt=\"La Fran\u00e7aise Clarisse Agbegnenou lors de sa finale remport\u00e9e des championnats du monde de judo le 10 mai 2023 \u00e0 Doha\" title=\"La Fran\u00e7aise Clarisse Agbegnenou lors de sa finale remport\u00e9e des championnats du monde de judo le 10 mai 2023 \u00e0 Doha\"\/><\/figure>\n\n\n\n<p>La Fran\u00e7aise Clarisse Agbegnenou lors de sa finale remport\u00e9e des championnats du monde de judo le 10 mai 2023 \u00e0 Doha<\/p>\n\n\n\n<p>AFP<\/p>\n\n\n\n<p>KARIM JAAFAR<\/p>\n\n\n\n<p>Depuis sa reprise, la Fran\u00e7aise, d\u00e9sormais sextuple championne du monde, n&rsquo;avait disput\u00e9 que deux comp\u00e9titions, la premi\u00e8re avec son club fin 2022, puis le Grand Slam de Tel Aviv en f\u00e9vrier dernier.<\/p>\n\n\n\n<p>\u00ab\u00a0En arrivant ici, je me suis dit +\u00e7a va \u00eatre un peu chaud d&rsquo;aller chercher un titre+. Je savais que j&rsquo;avais le niveau pour avoir une m\u00e9daille mais le titre, il me manquait encore des petites choses \u00e0 r\u00e9gler. Et finalement (&#8230;) tout s&rsquo;est bien pass\u00e9\u00a0\u00bb, a-t-elle constat\u00e9.<\/p>\n\n\n\n<p>Sa journ\u00e9e de comp\u00e9tition avait commenc\u00e9 avec une victoire au premier tour contre la Serbe Anja Obradovic, 30e mondiale, au terme de 3 min 45 de combat. Elle s&rsquo;\u00e9tait ensuite impos\u00e9e par ippon en prolongation face \u00e0 la Cubaine Maylin Del Toro Carvajal, livrant un combat accroch\u00e9 contre la 16e mondiale et r\u00e9cente finaliste du Grand Slam de Tel Aviv.<\/p>\n\n\n\n<p>Au troisi\u00e8me tour, face \u00e0 l&rsquo;Isra\u00e9lienne Gili Sharir, 7e mondiale et victorieuse du Grand Slam de Paris d\u00e9but f\u00e9vrier, elle a de nouveau \u00e9t\u00e9 contrainte \u00e0 la prolongation, avant de l&#8217;emporter par waza-ari.<\/p>\n\n\n\n<p>Puis elle est mont\u00e9e en puissance en quart de finale, dominant par ippon la Canadienne Catherine Beauchemin-Pinard, N\u00b02 mondiale et vice-championne du monde en titre, malgr\u00e9 une frayeur lors d&rsquo;une phase de combat au sol.<\/p>\n\n\n\n<p>Le tableau s&rsquo;\u00e9tant \u00e9clairci apr\u00e8s l&rsquo;\u00e9limination pr\u00e9coce des deux Japonaises &#8211;\u00ab\u00a0Merci les camarades d&rsquo;avoir balay\u00e9 un peu certaines filles\u00a0\u00bb, a-t-elle dit en souriant&#8211; la Fran\u00e7aise s&rsquo;est retrouv\u00e9e \u00e0 affronter en demi-finale l&rsquo;Autrichienne Lubjana Piovesana, 60e mondiale. Elle l&rsquo;a alors domin\u00e9e par ippon de mani\u00e8re m\u00e9ticuleuse.<\/p>\n\n\n\n<h2 class=\"wp-block-heading\">\u00ab\u00a0Mum power\u00a0\u00bb<\/h2>\n\n\n\n<figure class=\"wp-block-image\"><img decoding=\"async\" src=\"https:\/\/information.tv5monde.com\/sites\/tv5-info\/files\/styles\/entete\/public\/2023-05\/field_media_image-2580175-7b05639da950782172afc3eba6c576cc101e9cae.jpg?itok=WfggHMcw\" alt=\"La Fran\u00e7aise Clarisse Agbegnenou c\u00e9l\u00e8bre son sixi\u00e8me titre de championne du monde de judo, le 10 mai \u00e0 Doha\" title=\"La Fran\u00e7aise Clarisse Agbegnenou c\u00e9l\u00e8bre son sixi\u00e8me titre de championne du monde de judo, le 10 mai \u00e0 Doha\"\/><\/figure>\n\n\n\n<p>La Fran\u00e7aise Clarisse Agbegnenou c\u00e9l\u00e8bre son sixi\u00e8me titre de championne du monde de judo, le 10 mai \u00e0 Doha<\/p>\n\n\n\n<p>AFP<\/p>\n\n\n\n<p>KARIM JAAFAR<\/p>\n\n\n\n<p>\u00ab\u00a0Clarisse, c&rsquo;est Clarisse: une grande championne, elle l&rsquo;a encore d\u00e9montr\u00e9\u00a0\u00bb, s&rsquo;est f\u00e9licit\u00e9 son entra\u00eeneur en \u00e9quipe de France Ludovic Delacotte. \u00ab\u00a0Ce n&rsquo;est pas tout que les adversaires perdent, encore faut-il gagner ses matches. Voil\u00e0, mission remplie. Elle a \u00e9t\u00e9 impeccable.\u00a0\u00bb<\/p>\n\n\n\n<p>D\u00e8s le gong retenti, Agb\u00e9gn\u00e9nou a mim\u00e9 des bras le signe d&rsquo;un berceau en clin d&rsquo;\u0153il \u00e0 sa fille Ath\u00e9na pr\u00e9sente partout \u00e0 Doha: \u00e0 l&rsquo;h\u00f4tel des athl\u00e8tes, en tribunes et jusqu&rsquo;en salle d&rsquo;\u00e9chauffement o\u00f9 elle gambadait encore quelques instants avant la finale.<\/p>\n\n\n\n<p>\u00ab\u00a0Je ne pensais pas le faire aujourd&rsquo;hui mais j&rsquo;ai envie de dire \u00e0 toutes les mamans et tous les papas qui me regardent: +Vous pouvez le faire+. Mum Power, il faut y aller!\u00a0\u00bb, a-t-elle d\u00e9clar\u00e9.<\/p>\n\n\n\n<p>\u00ab\u00a0C&rsquo;est vraiment une grande championne, si quelqu&rsquo;un en doutait. Faire ce qu&rsquo;elle a fait aujourd&rsquo;hui comme elle l&rsquo;a fait. Peu auraient pari\u00e9 sur la fa\u00e7on et le r\u00e9sultat final. Une fois encore, elle nous a fait du Clarisse\u00a0\u00bb, a l\u00e2ch\u00e9 son entra\u00eeneur.<\/p>\n","protected":false},"excerpt":{"rendered":"<p>Onze mois \u00e0 peine apr\u00e8s avoir donn\u00e9 naissance \u00e0 son premier enfant, Clarisse Agb\u00e9gn\u00e9nou a glan\u00e9, \u00e0 30 ans, une<\/p>\n","protected":false},"author":1,"featured_media":11946,"comment_status":"open","ping_status":"open","sticky":false,"template":"","format":"standard","meta":{"footnotes":""},"categories":[9],"tags":[],"class_list":["post-11945","post","type-post","status-publish","format-standard","has-post-thumbnail","hentry","category-sports"],"_links":{"self":[{"href":"https:\/\/dekkbi.com\/index.php?rest_route=\/wp\/v2\/posts\/11945","targetHints":{"allow":["GET"]}}],"collection":[{"href":"https:\/\/dekkbi.com\/index.php?rest_route=\/wp\/v2\/posts"}],"about":[{"href":"https:\/\/dekkbi.com\/index.php?rest_route=\/wp\/v2\/types\/post"}],"author":[{"embeddable":true,"href":"https:\/\/dekkbi.com\/index.php?rest_route=\/wp\/v2\/users\/1"}],"replies":[{"embeddable":true,"href":"https:\/\/dekkbi.com\/index.php?rest_route=%2Fwp%2Fv2%2Fcomments&post=11945"}],"version-history":[{"count":1,"href":"https:\/\/dekkbi.com\/index.php?rest_route=\/wp\/v2\/posts\/11945\/revisions"}],"predecessor-version":[{"id":11947,"href":"https:\/\/dekkbi.com\/index.php?rest_route=\/wp\/v2\/posts\/11945\/revisions\/11947"}],"wp:featuredmedia":[{"embeddable":true,"href":"https:\/\/dekkbi.com\/index.php?rest_route=\/wp\/v2\/media\/11946"}],"wp:attachment":[{"href":"https:\/\/dekkbi.com\/index.php?rest_route=%2Fwp%2Fv2%2Fmedia&parent=11945"}],"wp:term":[{"taxonomy":"category","embeddable":true,"href":"https:\/\/dekkbi.com\/index.php?rest_route=%2Fwp%2Fv2%2Fcategories&post=11945"},{"taxonomy":"post_tag","embeddable":true,"href":"https:\/\/dekkbi.com\/index.php?rest_route=%2Fwp%2Fv2%2Ftags&post=11945"}],"curies":[{"name":"wp","href":"https:\/\/api.w.org\/{rel}","templated":true}]}}