{"id":11942,"date":"2023-05-11T12:26:20","date_gmt":"2023-05-11T12:26:20","guid":{"rendered":"https:\/\/dekkbi.com\/?p=11942"},"modified":"2023-05-11T12:26:21","modified_gmt":"2023-05-11T12:26:21","slug":"accueil-des-refugies-en-france-le-maire-de-saint-brevin-demissionne-et-quitte-la-ville","status":"publish","type":"post","link":"https:\/\/dekkbi.com\/?p=11942","title":{"rendered":"Accueil des r\u00e9fugi\u00e9s en France: le maire de Saint-Brevin d\u00e9missionne et quitte la ville"},"content":{"rendered":"\n<p><strong>Apr\u00e8s avoir \u00e9t\u00e9 victime d\u2019un incendie criminel \u00e0 son domicile en lien avec le centre d\u2019accueil de demandeurs d\u2019asile de la commune, le maire de Saint-Brevin-les-Pins, Yannick Morez (DVD), a d\u00e9missionn\u00e9 mercredi 11 mai. Il d\u00e9plore aussi \u00ab\u00a0<\/strong><em>un manque de soutien de l\u2019\u00c9tat\u00a0<\/em><strong>\u00bb.<\/strong><\/p>\n\n\n\n<p>\u00ab\u00a0<em>Ce mardi 9 mai, j&rsquo;ai adress\u00e9 \u00e0 Monsieur le pr\u00e9fet de Loire-Atlantique un courrier informant ce dernier de mon souhait de d\u00e9missionner de mon mandat de maire de<strong>\u00a0Saint-Brevin-les-Pins<\/strong><\/em>\u00a0\u00bb, a \u00e9crit mercredi Yannick Morez (DVD) sur la page Facebook de la commune.<\/p>\n\n\n\n<p>Depuis plusieurs mois, la commune est secou\u00e9e par des tensions suite \u00e0 une vive opposition \u00e0 un projet de d\u00e9placement du centre d\u2019accueil de demandeurs d\u2019asile install\u00e9 depuis 2016. Et il y a quelques semaines, le 22 mars, le domicile de l\u2019\u00e9lu a \u00e9t\u00e9 vis\u00e9 par un incendie criminel qui a r\u00e9duit en cendres deux de ses voitures et une partie de la fa\u00e7ade de sa maison.\u00a0 \u00ab\u00a0<em>J&rsquo;ai pris cette d\u00e9cision pour des raisons personnelles, notamment suite \u00e0 l&rsquo;incendie<\/em>\u00a0\u00bb, a-t-il indiqu\u00e9.<\/p>\n\n\n\n<p>Il a aussi d\u00e9nonc\u00e9 \u00ab<em>&nbsp;le manque de soutien de l&rsquo;\u00c9tat<\/em>&nbsp;\u00bb dans cette affaire. \u00ab&nbsp;<em>L&rsquo;\u00c9tat nous laisse seul en premi\u00e8re ligne avec ce centre, m\u00eame si c&rsquo;est lui qui d\u00e9cide du projet de d\u00e9m\u00e9nagement<\/em>&nbsp;\u00bb, avait-il d\u00e9clar\u00e9 \u00e0 l\u2019AFP en mars dernier.<\/p>\n\n\n\n<p><\/p>\n\n\n\n<h2 class=\"wp-block-heading\">\u00ab La R\u00e9publique recule&nbsp;\u00bb<\/h2>\n\n\n\n<p>Cette annonce a provoqu\u00e9 une indignation g\u00e9n\u00e9rale de la classe politique. \u00ab&nbsp;<em>L&rsquo;inaction de l&rsquo;\u00c9tat est une honte absolue. Qu&rsquo;attend-il pour agir ?<\/em>&nbsp;\u00bb, a tweet\u00e9 Fabien Roussel, le patron du PCF. \u00ab&nbsp;<em>C&rsquo;est une honte que l&rsquo;\u00c9tat n&rsquo;ait pas pris la mesure de ce qu&rsquo;il lui arrivait et ne l&rsquo;ait pas confort\u00e9. C&rsquo;est une honte de continuer \u00e0 banaliser l&rsquo;extr\u00eame droite<\/em>&nbsp;\u00bb, a r\u00e9agi de son c\u00f4t\u00e9 sur le m\u00eame r\u00e9seau social Olivier Faure, premier secr\u00e9taire du PS. La responsable d&rsquo;EELV, Marine Tondelier, elle, a jug\u00e9 que \u00ab&nbsp;<em>la R\u00e9publique recule<\/em>&nbsp;\u00bb.<\/p>\n\n\n\n<p>\u00ab\u00a0<em>Les attaques contre Yannick Morez, maire de Saint-Brevin-les-Pins, et contre sa famille, sont indignes. \u00c0 cet \u00e9lu de la R\u00e9publique, \u00e0 son \u00e9pouse et ses enfants, je redis ma solidarit\u00e9 et celle de la Nation<\/em>\u00a0\u00bb, a aussi r\u00e9agi\u00a0<strong>Emmanuel Macron<\/strong>\u00a0sur Twitter. \u00ab\u00a0<em>Ce qui s&rsquo;est produit est tr\u00e8s choquant et je voudrais assurer le maire de tout mon soutien<\/em>\u00a0\u00bb, a d\u00e9clar\u00e9 de son c\u00f4t\u00e9 la Premi\u00e8re ministre \u00c9lisabeth Borne, depuis la R\u00e9union. Son entourage a ensuite pr\u00e9cis\u00e9 qu&rsquo;elle lui proposerait de le recevoir \u00e0 Matignon \u00ab\u00a0<em>dans le courant de la semaine prochaine<\/em>\u00a0\u00bb.<\/p>\n\n\n\n<p>Suite aux critiques du maire envers l\u2019\u00c9tat, la cheffe du gouvernement a dit sa volont\u00e9 de \u00ab&nbsp;<em>mieux prot\u00e9ger les maires&nbsp;<\/em>\u00bb, de \u00ab&nbsp;<em>r\u00e9pondre plus efficacement quand il y a des menace<\/em>s&nbsp;\u00bb, de \u00ab&nbsp;<em>renforcer notre action pour intervenir plus t\u00f4t, pour pouvoir soutenir les maires pour rep\u00e9rer leurs difficult\u00e9s et mieux les accompagner face \u00e0 des violences dont ils peuvent \u00eatre victimes<\/em>&nbsp;\u00bb.<\/p>\n\n\n\n<p>C\u00f4te majorit\u00e9, ce jeudi matin, Aurore Berg\u00e9, cheffe des d\u00e9put\u00e9s Renaissance a l\u2019Assembl\u00e9e, a rendu hommage\u00a0\u00e0 l\u2019\u00e9lu. \u00ab\u00a0<em>Il prend une d\u00e9cision qui n\u2019est pas son choix, il prend une d\u00e9cision sous la contrainte<\/em>\u00a0\u00bb,\u00a0<strong>a-t-elle dit sur\u00a0France inter.\u00a0<\/strong>Elle souhaite que \u00ab\u00a0<em>les menaces et intimidations contre les \u00e9lus soient unanimement condamn\u00e9es<\/em>\u00a0\u00bb. Et d&rsquo;ajouter\u00a0: \u00ab<em>\u00a0La question qui est pos\u00e9e est celle de la protection de nos \u00e9lus.\u00a0<\/em>\u00bb<\/p>\n","protected":false},"excerpt":{"rendered":"<p>Apr\u00e8s avoir \u00e9t\u00e9 victime d\u2019un incendie criminel \u00e0 son domicile en lien avec le centre d\u2019accueil de demandeurs d\u2019asile de<\/p>\n","protected":false},"author":1,"featured_media":11943,"comment_status":"open","ping_status":"open","sticky":false,"template":"","format":"standard","meta":{"footnotes":""},"categories":[51],"tags":[],"class_list":["post-11942","post","type-post","status-publish","format-standard","has-post-thumbnail","hentry","category-general"],"_links":{"self":[{"href":"https:\/\/dekkbi.com\/index.php?rest_route=\/wp\/v2\/posts\/11942","targetHints":{"allow":["GET"]}}],"collection":[{"href":"https:\/\/dekkbi.com\/index.php?rest_route=\/wp\/v2\/posts"}],"about":[{"href":"https:\/\/dekkbi.com\/index.php?rest_route=\/wp\/v2\/types\/post"}],"author":[{"embeddable":true,"href":"https:\/\/dekkbi.com\/index.php?rest_route=\/wp\/v2\/users\/1"}],"replies":[{"embeddable":true,"href":"https:\/\/dekkbi.com\/index.php?rest_route=%2Fwp%2Fv2%2Fcomments&post=11942"}],"version-history":[{"count":1,"href":"https:\/\/dekkbi.com\/index.php?rest_route=\/wp\/v2\/posts\/11942\/revisions"}],"predecessor-version":[{"id":11944,"href":"https:\/\/dekkbi.com\/index.php?rest_route=\/wp\/v2\/posts\/11942\/revisions\/11944"}],"wp:featuredmedia":[{"embeddable":true,"href":"https:\/\/dekkbi.com\/index.php?rest_route=\/wp\/v2\/media\/11943"}],"wp:attachment":[{"href":"https:\/\/dekkbi.com\/index.php?rest_route=%2Fwp%2Fv2%2Fmedia&parent=11942"}],"wp:term":[{"taxonomy":"category","embeddable":true,"href":"https:\/\/dekkbi.com\/index.php?rest_route=%2Fwp%2Fv2%2Fcategories&post=11942"},{"taxonomy":"post_tag","embeddable":true,"href":"https:\/\/dekkbi.com\/index.php?rest_route=%2Fwp%2Fv2%2Ftags&post=11942"}],"curies":[{"name":"wp","href":"https:\/\/api.w.org\/{rel}","templated":true}]}}